{"id":2747,"date":"2014-12-03T18:46:10","date_gmt":"2014-12-03T17:46:10","guid":{"rendered":"http:\/\/iesneiravilas.es\/?p=1070"},"modified":"2015-09-26T13:15:10","modified_gmt":"2015-09-26T11:15:10","slug":"obradoiro-de-estarcido","status":"publish","type":"post","link":"https:\/\/www.iesneiravilas.es\/arquivo\/?p=2747","title":{"rendered":"Obradoiro de estarcido"},"content":{"rendered":"<div id='gallery-1' class='gallery galleryid-2747 gallery-columns-3 gallery-size-thumbnail'><figure class='gallery-item'>\n\t\t\t<div class='gallery-icon landscape'>\n\t\t\t\t<a href='https:\/\/www.iesneiravilas.es\/arquivo\/?attachment_id=1071'><img loading=\"lazy\" decoding=\"async\" width=\"150\" height=\"150\" src=\"https:\/\/www.iesneiravilas.es\/arquivo\/wp-content\/uploads\/2014\/10\/e4b-150x150.jpg\" class=\"attachment-thumbnail size-thumbnail\" alt=\"ESO 4\u00ba B\" aria-describedby=\"gallery-1-1071\" \/><\/a>\n\t\t\t<\/div>\n\t\t\t\t<figcaption class='wp-caption-text gallery-caption' id='gallery-1-1071'>\n\t\t\t\tESO 4\u00ba B\n\t\t\t\t<\/figcaption><\/figure><figure class='gallery-item'>\n\t\t\t<div class='gallery-icon landscape'>\n\t\t\t\t<a href='https:\/\/www.iesneiravilas.es\/arquivo\/?attachment_id=1072'><img loading=\"lazy\" decoding=\"async\" width=\"150\" height=\"150\" src=\"https:\/\/www.iesneiravilas.es\/arquivo\/wp-content\/uploads\/2014\/10\/e4c-150x150.jpg\" class=\"attachment-thumbnail size-thumbnail\" alt=\"ESO 4\u00ba C\" aria-describedby=\"gallery-1-1072\" \/><\/a>\n\t\t\t<\/div>\n\t\t\t\t<figcaption class='wp-caption-text gallery-caption' id='gallery-1-1072'>\n\t\t\t\tESO 4\u00ba C\n\t\t\t\t<\/figcaption><\/figure><figure class='gallery-item'>\n\t\t\t<div class='gallery-icon landscape'>\n\t\t\t\t<a href='https:\/\/www.iesneiravilas.es\/arquivo\/?attachment_id=1074'><img loading=\"lazy\" decoding=\"async\" width=\"150\" height=\"150\" src=\"https:\/\/www.iesneiravilas.es\/arquivo\/wp-content\/uploads\/2014\/10\/b1b-150x150.jpg\" class=\"attachment-thumbnail size-thumbnail\" alt=\"BACH 1\u00ba B\" aria-describedby=\"gallery-1-1074\" \/><\/a>\n\t\t\t<\/div>\n\t\t\t\t<figcaption class='wp-caption-text gallery-caption' id='gallery-1-1074'>\n\t\t\t\tBACH 1\u00ba B\n\t\t\t\t<\/figcaption><\/figure><figure class='gallery-item'>\n\t\t\t<div class='gallery-icon landscape'>\n\t\t\t\t<a href='https:\/\/www.iesneiravilas.es\/arquivo\/?attachment_id=1073'><img loading=\"lazy\" decoding=\"async\" width=\"150\" height=\"150\" src=\"https:\/\/www.iesneiravilas.es\/arquivo\/wp-content\/uploads\/2014\/10\/b1a-150x150.jpg\" class=\"attachment-thumbnail size-thumbnail\" alt=\"BACH 1\u00ba A\" aria-describedby=\"gallery-1-1073\" \/><\/a>\n\t\t\t<\/div>\n\t\t\t\t<figcaption class='wp-caption-text gallery-caption' id='gallery-1-1073'>\n\t\t\t\tBACH 1\u00ba A\n\t\t\t\t<\/figcaption><\/figure>\n\t\t<\/div>\n\n<p><span style=\"color: #232323\"><span style=\"font-family: Times New Roman,serif\"><span style=\"font-size: medium\">O Proxecto de Desenvolvemento Creativo do Museo de Arte Contempor\u00e1nea Gas Natural Fenosa trouxo ao noso instituto ao artista pl\u00e1stico<strong> Nine<\/strong> que desenvolveu un obradoiro de iniciaci\u00f3n ao estarcido co alumnado de 1\u00ba da ESO.<\/span><\/span><\/span><\/p>\n<p><span style=\"color: #232323\"><span style=\"font-family: Times New Roman,serif\"><span style=\"font-size: medium\">Cada un dos dous grupos tivo unha sesi\u00f3n de traballo de tres horas os d\u00edas 24 e 27 de novembro, respectivamente. Nesa sesi\u00f3n recibiron unha introducci\u00f3n a esta t\u00e9cnica milenaria que permite plasmar calquiera imaxe en calqueira superficie.<\/span><\/span><\/span><\/p>\n","protected":false},"excerpt":{"rendered":"<p>O Proxecto de Desenvolvemento Creativo do Museo de Arte Contempor\u00e1nea Gas Natural Fenosa trouxo ao noso instituto ao artista pl\u00e1stico Nine que desenvolveu un obradoiro de iniciaci\u00f3n ao estarcido co alumnado de 1\u00ba da ESO. Cada un dos dous grupos tivo unha sesi\u00f3n de traballo de tres horas os d\u00edas 24 e 27 de novembro, &hellip; <a href=\"https:\/\/www.iesneiravilas.es\/arquivo\/?p=2747\" class=\"more-link\">Seguir lendo <span class=\"screen-reader-text\">Obradoiro de estarcido<\/span> <span class=\"meta-nav\">&rarr;<\/span><\/a><\/p>\n","protected":false},"author":1,"featured_media":0,"comment_status":"open","ping_status":"open","sticky":false,"template":"","format":"standard","meta":{"footnotes":""},"categories":[17,645,706],"tags":[],"class_list":["post-2747","post","type-post","status-publish","format-standard","hentry","category-actividades","category-alumnos","category-curso-2014-2015"],"_links":{"self":[{"href":"https:\/\/www.iesneiravilas.es\/arquivo\/index.php?rest_route=\/wp\/v2\/posts\/2747","targetHints":{"allow":["GET"]}}],"collection":[{"href":"https:\/\/www.iesneiravilas.es\/arquivo\/index.php?rest_route=\/wp\/v2\/posts"}],"about":[{"href":"https:\/\/www.iesneiravilas.es\/arquivo\/index.php?rest_route=\/wp\/v2\/types\/post"}],"author":[{"embeddable":true,"href":"https:\/\/www.iesneiravilas.es\/arquivo\/index.php?rest_route=\/wp\/v2\/users\/1"}],"replies":[{"embeddable":true,"href":"https:\/\/www.iesneiravilas.es\/arquivo\/index.php?rest_route=%2Fwp%2Fv2%2Fcomments&post=2747"}],"version-history":[{"count":1,"href":"https:\/\/www.iesneiravilas.es\/arquivo\/index.php?rest_route=\/wp\/v2\/posts\/2747\/revisions"}],"predecessor-version":[{"id":2815,"href":"https:\/\/www.iesneiravilas.es\/arquivo\/index.php?rest_route=\/wp\/v2\/posts\/2747\/revisions\/2815"}],"wp:attachment":[{"href":"https:\/\/www.iesneiravilas.es\/arquivo\/index.php?rest_route=%2Fwp%2Fv2%2Fmedia&parent=2747"}],"wp:term":[{"taxonomy":"category","embeddable":true,"href":"https:\/\/www.iesneiravilas.es\/arquivo\/index.php?rest_route=%2Fwp%2Fv2%2Fcategories&post=2747"},{"taxonomy":"post_tag","embeddable":true,"href":"https:\/\/www.iesneiravilas.es\/arquivo\/index.php?rest_route=%2Fwp%2Fv2%2Ftags&post=2747"}],"curies":[{"name":"wp","href":"https:\/\/api.w.org\/{rel}","templated":true}]}}