{"id":2750,"date":"2014-12-15T11:37:52","date_gmt":"2014-12-15T10:37:52","guid":{"rendered":"http:\/\/iesneiravilas.es\/?p=1192"},"modified":"2015-09-26T13:15:10","modified_gmt":"2015-09-26T11:15:10","slug":"inmersion-linguistica-nos-peares","status":"publish","type":"post","link":"https:\/\/www.iesneiravilas.es\/arquivo\/?p=2750","title":{"rendered":"Inmersi\u00f3n ling\u00fc\u00edstica nos Peares"},"content":{"rendered":"<p><a href=\"http:\/\/iesneiravilas.es\/wp-content\/uploads\/2015\/02\/peares_3.jpg\"><img loading=\"lazy\" decoding=\"async\" class=\"alignleft size-medium wp-image-1194\" src=\"http:\/\/iesneiravilas.es\/wp-content\/uploads\/2015\/02\/peares_3-300x188.jpg\" alt=\"peares_3\" width=\"300\" height=\"188\" \/><\/a> Durante o mes de novembro o alumnado de terceiro curso da ESO do noso centro tivo a oportunidade de pasar unha semana no lugar de Os Peares nun campamento l\u00fadico e participativo co obxectivo de mellorar o nivel de ingl\u00e9s.<\/p>\n<p>A actividade foi enormemente proveitosa xa que \u201cfoi posible pasalo ben e aprender \u00e1 vez\u201d. Transcurr\u00edu\u00a0 unha semana no campamento en r\u00e9xime de internado con monitores nativos de Australia e Reino Unido,<\/p>\n<p>Polas ma\u00f1\u00e1s as actividades eran de medio ambiente, con talleres de reciclaxe ou charlas sobre animais en extinci\u00f3n, despois xogos. Pasado o xantar, e despois dun tempi\u00f1o de lecer, a preparaci\u00f3n da presentaci\u00f3n oral dun tema para expo\u00f1er en p\u00fablico. Pola noite, despois da cea e das duchas, eran as\u00a0 actividades l\u00fadicas con discoteca, karaoke, ou xogos da \u201cnoite misteriosa\u201d ou \u201cbusca do tesouro\u201d.<\/p>\n<p>Considera o alumnado unha experiencia inesquecible na que se fixeron amigos e perfeccionaron a fluidez na fala do ingl\u00e9s. Destacan tam\u00e9n a profesionalidade dos\u00a0 monitores e a rapidez coa que pasou o tempo. A todos lles gustar\u00eda repetir.<\/p>\n<div id='gallery-1' class='gallery galleryid-2750 gallery-columns-3 gallery-size-thumbnail'><figure class='gallery-item'>\n\t\t\t<div class='gallery-icon portrait'>\n\t\t\t\t<a href='https:\/\/www.iesneiravilas.es\/arquivo\/?attachment_id=1193'><img loading=\"lazy\" decoding=\"async\" width=\"150\" height=\"150\" src=\"https:\/\/www.iesneiravilas.es\/arquivo\/wp-content\/uploads\/2014\/10\/eume01-150x150.jpg\" class=\"attachment-thumbnail size-thumbnail\" alt=\"Excursi\u00f3n a Pontedeume\" aria-describedby=\"gallery-1-1193\" \/><\/a>\n\t\t\t<\/div>\n\t\t\t\t<figcaption class='wp-caption-text gallery-caption' id='gallery-1-1193'>\n\t\t\t\tExcursi\u00f3n a Pontedeume\n\t\t\t\t<\/figcaption><\/figure><figure class='gallery-item'>\n\t\t\t<div class='gallery-icon landscape'>\n\t\t\t\t<a href='https:\/\/www.iesneiravilas.es\/arquivo\/?attachment_id=1195'><img loading=\"lazy\" decoding=\"async\" width=\"150\" height=\"150\" src=\"https:\/\/www.iesneiravilas.es\/arquivo\/wp-content\/uploads\/2014\/10\/eume03-150x150.jpg\" class=\"attachment-thumbnail size-thumbnail\" alt=\"Excursi\u00f3n a Pontedeume\" aria-describedby=\"gallery-1-1195\" \/><\/a>\n\t\t\t<\/div>\n\t\t\t\t<figcaption class='wp-caption-text gallery-caption' id='gallery-1-1195'>\n\t\t\t\tExcursi\u00f3n a Pontedeume\n\t\t\t\t<\/figcaption><\/figure>\n\t\t<\/div>\n\n","protected":false},"excerpt":{"rendered":"<p>Durante o mes de novembro o alumnado de terceiro curso da ESO do noso centro tivo a oportunidade de pasar unha semana no lugar de Os Peares nun campamento l\u00fadico e participativo co obxectivo de mellorar o nivel de ingl\u00e9s. A actividade foi enormemente proveitosa xa que \u201cfoi posible pasalo ben e aprender \u00e1 vez\u201d. &hellip; <a href=\"https:\/\/www.iesneiravilas.es\/arquivo\/?p=2750\" class=\"more-link\">Seguir lendo <span class=\"screen-reader-text\">Inmersi\u00f3n ling\u00fc\u00edstica nos Peares<\/span> <span class=\"meta-nav\">&rarr;<\/span><\/a><\/p>\n","protected":false},"author":1,"featured_media":0,"comment_status":"open","ping_status":"open","sticky":false,"template":"","format":"standard","meta":{"footnotes":""},"categories":[17,706,634],"tags":[653,636,637],"class_list":["post-2750","post","type-post","status-publish","format-standard","hentry","category-actividades","category-curso-2014-2015","category-departamento-de-ingles","tag-ecoloxia","tag-inmersion-linguistica","tag-os-peares"],"_links":{"self":[{"href":"https:\/\/www.iesneiravilas.es\/arquivo\/index.php?rest_route=\/wp\/v2\/posts\/2750","targetHints":{"allow":["GET"]}}],"collection":[{"href":"https:\/\/www.iesneiravilas.es\/arquivo\/index.php?rest_route=\/wp\/v2\/posts"}],"about":[{"href":"https:\/\/www.iesneiravilas.es\/arquivo\/index.php?rest_route=\/wp\/v2\/types\/post"}],"author":[{"embeddable":true,"href":"https:\/\/www.iesneiravilas.es\/arquivo\/index.php?rest_route=\/wp\/v2\/users\/1"}],"replies":[{"embeddable":true,"href":"https:\/\/www.iesneiravilas.es\/arquivo\/index.php?rest_route=%2Fwp%2Fv2%2Fcomments&post=2750"}],"version-history":[{"count":1,"href":"https:\/\/www.iesneiravilas.es\/arquivo\/index.php?rest_route=\/wp\/v2\/posts\/2750\/revisions"}],"predecessor-version":[{"id":2812,"href":"https:\/\/www.iesneiravilas.es\/arquivo\/index.php?rest_route=\/wp\/v2\/posts\/2750\/revisions\/2812"}],"wp:attachment":[{"href":"https:\/\/www.iesneiravilas.es\/arquivo\/index.php?rest_route=%2Fwp%2Fv2%2Fmedia&parent=2750"}],"wp:term":[{"taxonomy":"category","embeddable":true,"href":"https:\/\/www.iesneiravilas.es\/arquivo\/index.php?rest_route=%2Fwp%2Fv2%2Fcategories&post=2750"},{"taxonomy":"post_tag","embeddable":true,"href":"https:\/\/www.iesneiravilas.es\/arquivo\/index.php?rest_route=%2Fwp%2Fv2%2Ftags&post=2750"}],"curies":[{"name":"wp","href":"https:\/\/api.w.org\/{rel}","templated":true}]}}