{"id":2751,"date":"2014-11-05T11:40:52","date_gmt":"2014-11-05T10:40:52","guid":{"rendered":"http:\/\/iesneiravilas.es\/?p=1300"},"modified":"2015-09-26T13:17:35","modified_gmt":"2015-09-26T11:17:35","slug":"v-dia-da-ciencia-en-galego","status":"publish","type":"post","link":"https:\/\/www.iesneiravilas.es\/arquivo\/?p=2751","title":{"rendered":"V D\u00eda da Ciencia en Galego"},"content":{"rendered":"<figure id=\"attachment_1299\" aria-describedby=\"caption-attachment-1299\" style=\"width: 204px\" class=\"wp-caption alignleft\"><a href=\"http:\/\/iesneiravilas.es\/wp-content\/uploads\/2014\/09\/cienciaengalego.jpg\"><img loading=\"lazy\" decoding=\"async\" class=\"size-medium wp-image-1299\" src=\"http:\/\/iesneiravilas.es\/wp-content\/uploads\/2014\/09\/cienciaengalego-204x300.jpg\" alt=\"Ciencia en Galego\" width=\"204\" height=\"300\" \/><\/a><figcaption id=\"caption-attachment-1299\" class=\"wp-caption-text\">Ciencia en Galego<\/figcaption><\/figure>\n<p>O m\u00e9rcores <strong>5 de novembro<\/strong> o alumnado de 4\u00ba de ESO participou nunha <a href=\"http:\/\/coordinadoraendl.org\/cienciaengalego\/2013\/videoconferencias.php\"><strong>videoconferencia<\/strong><\/a> con motivo da celebraci\u00f3n do <strong>V D\u00eda da Ciencia en Galego<\/strong> organizada pola Coodinadora Galega de ENDL.<\/p>\n<ul>\n<li><strong>T\u00edtulo<\/strong>: A ciencia da programaci\u00f3n de ordenadores (tam\u00e9n en galego)<\/li>\n<li><strong>Relator<\/strong>: Manuel Caeiro Rodr\u00edguez. Doutor en Enxe\u00f1ar\u00eda de Telecomunicaci\u00f3n. Profesor na Escola de Enxe\u00f1ar\u00eda de Telecomunicaci\u00f3n na Universidade de Vigo. Responsable da rede TELGalicia sobre innovaci\u00f3n educative e da aplicaci\u00f3n. P\u00e1xinas web:<a href=\"%20http:\/\/www.edu-area.com \"> http:\/\/www.edu-area.com <\/a>e <a href=\"http:\/\/www-gist.det.uvigo.es\/~mcaeiro\/\">http:\/\/www-gist.det.uvigo.es\/~mcaeiro\/<\/a><\/li>\n<li><strong>Sinopse<\/strong>: introducirase a historia da programaci\u00f3n de ordenadores desde un punto de vista moi b\u00e1sico e pr\u00e1ctico, comezando pola orixe do algoritmo dos \u00e1rabes, pasando por Ada Lovelace (Byron), e pasando logo a Alan Turing para chegar \u00e1 estrutura dos ordenadores actuais e aos paradigmas de computaci\u00f3n m\u00e1is empregados. Introduciremos ferramentas nas que \u00e9 moi doado programar, como Scratch e Squeak, para que poidades facer os vosos programas, tam\u00e9n en galego.<\/li>\n<\/ul>\n","protected":false},"excerpt":{"rendered":"<p>O m\u00e9rcores 5 de novembro o alumnado de 4\u00ba de ESO participou nunha videoconferencia con motivo da celebraci\u00f3n do V D\u00eda da Ciencia en Galego organizada pola Coodinadora Galega de ENDL. T\u00edtulo: A ciencia da programaci\u00f3n de ordenadores (tam\u00e9n en galego) Relator: Manuel Caeiro Rodr\u00edguez. Doutor en Enxe\u00f1ar\u00eda de Telecomunicaci\u00f3n. Profesor na Escola de Enxe\u00f1ar\u00eda &hellip; <a href=\"https:\/\/www.iesneiravilas.es\/arquivo\/?p=2751\" class=\"more-link\">Seguir lendo <span class=\"screen-reader-text\">V D\u00eda da Ciencia en Galego<\/span> <span class=\"meta-nav\">&rarr;<\/span><\/a><\/p>\n","protected":false},"author":1,"featured_media":0,"comment_status":"open","ping_status":"open","sticky":false,"template":"","format":"standard","meta":{"footnotes":""},"categories":[706,656,635],"tags":[654,655,657,658],"class_list":["post-2751","post","type-post","status-publish","format-standard","hentry","category-curso-2014-2015","category-departamento-de-matematicas","category-departamentos","tag-ada-lovelace","tag-alan-turing","tag-dia-da-ciencia-en-galego","tag-manuel-caeiro-rodriguez"],"_links":{"self":[{"href":"https:\/\/www.iesneiravilas.es\/arquivo\/index.php?rest_route=\/wp\/v2\/posts\/2751","targetHints":{"allow":["GET"]}}],"collection":[{"href":"https:\/\/www.iesneiravilas.es\/arquivo\/index.php?rest_route=\/wp\/v2\/posts"}],"about":[{"href":"https:\/\/www.iesneiravilas.es\/arquivo\/index.php?rest_route=\/wp\/v2\/types\/post"}],"author":[{"embeddable":true,"href":"https:\/\/www.iesneiravilas.es\/arquivo\/index.php?rest_route=\/wp\/v2\/users\/1"}],"replies":[{"embeddable":true,"href":"https:\/\/www.iesneiravilas.es\/arquivo\/index.php?rest_route=%2Fwp%2Fv2%2Fcomments&post=2751"}],"version-history":[{"count":1,"href":"https:\/\/www.iesneiravilas.es\/arquivo\/index.php?rest_route=\/wp\/v2\/posts\/2751\/revisions"}],"predecessor-version":[{"id":2837,"href":"https:\/\/www.iesneiravilas.es\/arquivo\/index.php?rest_route=\/wp\/v2\/posts\/2751\/revisions\/2837"}],"wp:attachment":[{"href":"https:\/\/www.iesneiravilas.es\/arquivo\/index.php?rest_route=%2Fwp%2Fv2%2Fmedia&parent=2751"}],"wp:term":[{"taxonomy":"category","embeddable":true,"href":"https:\/\/www.iesneiravilas.es\/arquivo\/index.php?rest_route=%2Fwp%2Fv2%2Fcategories&post=2751"},{"taxonomy":"post_tag","embeddable":true,"href":"https:\/\/www.iesneiravilas.es\/arquivo\/index.php?rest_route=%2Fwp%2Fv2%2Ftags&post=2751"}],"curies":[{"name":"wp","href":"https:\/\/api.w.org\/{rel}","templated":true}]}}