{"id":2762,"date":"2015-02-26T11:29:26","date_gmt":"2015-02-26T10:29:26","guid":{"rendered":"http:\/\/iesneiravilas.es\/?p=1258"},"modified":"2015-09-26T13:15:10","modified_gmt":"2015-09-26T11:15:10","slug":"monitores-no-museo","status":"publish","type":"post","link":"https:\/\/www.iesneiravilas.es\/arquivo\/?p=2762","title":{"rendered":"Monitores no Museo"},"content":{"rendered":"<figure id=\"attachment_1260\" aria-describedby=\"caption-attachment-1260\" style=\"width: 225px\" class=\"wp-caption alignleft\"><a href=\"http:\/\/iesneiravilas.es\/wp-content\/uploads\/2015\/02\/visita_museo_arqueoloxico_coruna20.jpg\"><img loading=\"lazy\" decoding=\"async\" class=\"size-medium wp-image-1260\" src=\"http:\/\/iesneiravilas.es\/wp-content\/uploads\/2015\/02\/visita_museo_arqueoloxico_coruna20-225x300.jpg\" alt=\"Visita museo arqueoloxico da Coru\u00f1a\" width=\"225\" height=\"300\" \/><\/a><figcaption id=\"caption-attachment-1260\" class=\"wp-caption-text\">Visita museo arqueoloxico da Coru\u00f1a<\/figcaption><\/figure>\n<p>Un grupo de alumnos de 1\u00ba curso da ESO, visitou o Museo arqueol\u00f3xico da Coru\u00f1a para preparar as actividades da visita que realizar\u00e1n cos seus compa\u00f1eiros e que ser\u00e1n monitores.<\/p>\n<p>A actividade foi realizada polo Departamento de Xeograf\u00eda e Historia e o alumnado foi\u00a0 acompa\u00f1ado pola profesora Carmen Garc\u00eda-Rodeja. No Museo desenvolveron o proxecto de traballo que \u00e9 a realizaci\u00f3n dunha gu\u00eda did\u00e1ctica que eles, como monitores, preparar\u00e1n para organizar a visita cos seus compa\u00f1eiros. Foi desenvolvido o proxecto incidindo en cada unha das secci\u00f3ns do Museo arqueol\u00f3xico para identificar as pezas e implicalas no contexto hist\u00f3rico. Tam\u00e9n foi realizado un taller de arqueolox\u00eda coa catalogaci\u00f3n\u00a0 de obxectos\u00a0 e un obradoiro de cer\u00e1mica.<\/p>\n<p>&nbsp;<\/p>\n<div id='gallery-1' class='gallery galleryid-2762 gallery-columns-3 gallery-size-thumbnail'><figure class='gallery-item'>\n\t\t\t<div class='gallery-icon landscape'>\n\t\t\t\t<a href='https:\/\/www.iesneiravilas.es\/arquivo\/?attachment_id=1276'><img loading=\"lazy\" decoding=\"async\" width=\"150\" height=\"150\" src=\"https:\/\/www.iesneiravilas.es\/arquivo\/wp-content\/uploads\/2014\/10\/semciencia09-150x150.jpg\" class=\"attachment-thumbnail size-thumbnail\" alt=\"Conferencia do profesor Enrique Pujales: Ciencia e Superstici\u00f3n\" aria-describedby=\"gallery-1-1276\" \/><\/a>\n\t\t\t<\/div>\n\t\t\t\t<figcaption class='wp-caption-text gallery-caption' id='gallery-1-1276'>\n\t\t\t\tConferencia do profesor Enrique Pujales: Ciencia e Superstici\u00f3n\n\n\n\t\t\t\t<\/figcaption><\/figure><figure class='gallery-item'>\n\t\t\t<div class='gallery-icon landscape'>\n\t\t\t\t<a href='https:\/\/www.iesneiravilas.es\/arquivo\/?attachment_id=1275'><img loading=\"lazy\" decoding=\"async\" width=\"150\" height=\"150\" src=\"https:\/\/www.iesneiravilas.es\/arquivo\/wp-content\/uploads\/2014\/10\/semciencia08-150x150.jpg\" class=\"attachment-thumbnail size-thumbnail\" alt=\"Conferencia do profesor Enrique Pujales: Ciencia e Superstici\u00f3n\" aria-describedby=\"gallery-1-1275\" \/><\/a>\n\t\t\t<\/div>\n\t\t\t\t<figcaption class='wp-caption-text gallery-caption' id='gallery-1-1275'>\n\t\t\t\tConferencia do profesor Enrique Pujales: Ciencia e Superstici\u00f3n\n\n\n\t\t\t\t<\/figcaption><\/figure><figure class='gallery-item'>\n\t\t\t<div class='gallery-icon portrait'>\n\t\t\t\t<a href='https:\/\/www.iesneiravilas.es\/arquivo\/?attachment_id=1274'><img loading=\"lazy\" decoding=\"async\" width=\"150\" height=\"150\" src=\"https:\/\/www.iesneiravilas.es\/arquivo\/wp-content\/uploads\/2014\/10\/semciencia07-150x150.jpg\" class=\"attachment-thumbnail size-thumbnail\" alt=\"Conferencia do profesor Enrique Pujales: Ciencia e Superstici\u00f3n\" aria-describedby=\"gallery-1-1274\" \/><\/a>\n\t\t\t<\/div>\n\t\t\t\t<figcaption class='wp-caption-text gallery-caption' id='gallery-1-1274'>\n\t\t\t\tConferencia do profesor Enrique Pujales: Ciencia e Superstici\u00f3n\n\n\n\t\t\t\t<\/figcaption><\/figure><figure class='gallery-item'>\n\t\t\t<div class='gallery-icon landscape'>\n\t\t\t\t<a href='https:\/\/www.iesneiravilas.es\/arquivo\/?attachment_id=1273'><img loading=\"lazy\" decoding=\"async\" width=\"150\" height=\"150\" src=\"https:\/\/www.iesneiravilas.es\/arquivo\/wp-content\/uploads\/2014\/10\/semciencia06-150x150.jpg\" class=\"attachment-thumbnail size-thumbnail\" alt=\"Conferencia do profesor Enrique Pujales: Ciencia e Superstici\u00f3n\" aria-describedby=\"gallery-1-1273\" \/><\/a>\n\t\t\t<\/div>\n\t\t\t\t<figcaption class='wp-caption-text gallery-caption' id='gallery-1-1273'>\n\t\t\t\tConferencia do profesor Enrique Pujales: Ciencia e Superstici\u00f3n\n\n\n\t\t\t\t<\/figcaption><\/figure><figure class='gallery-item'>\n\t\t\t<div class='gallery-icon landscape'>\n\t\t\t\t<a href='https:\/\/www.iesneiravilas.es\/arquivo\/?attachment_id=1272'><img loading=\"lazy\" decoding=\"async\" width=\"150\" height=\"150\" src=\"https:\/\/www.iesneiravilas.es\/arquivo\/wp-content\/uploads\/2014\/10\/semciencia05-150x150.jpg\" class=\"attachment-thumbnail size-thumbnail\" alt=\"Conferencia do actor V\u00edctor Mosqueira\" aria-describedby=\"gallery-1-1272\" \/><\/a>\n\t\t\t<\/div>\n\t\t\t\t<figcaption class='wp-caption-text gallery-caption' id='gallery-1-1272'>\n\t\t\t\tConferencia do actor V\u00edctor Mosqueira\n\t\t\t\t<\/figcaption><\/figure><figure class='gallery-item'>\n\t\t\t<div class='gallery-icon landscape'>\n\t\t\t\t<a href='https:\/\/www.iesneiravilas.es\/arquivo\/?attachment_id=1271'><img loading=\"lazy\" decoding=\"async\" width=\"150\" height=\"150\" src=\"https:\/\/www.iesneiravilas.es\/arquivo\/wp-content\/uploads\/2014\/10\/semciencia04-150x150.jpg\" class=\"attachment-thumbnail size-thumbnail\" alt=\"Conferencia do actor V\u00edctor Mosqueira\" aria-describedby=\"gallery-1-1271\" \/><\/a>\n\t\t\t<\/div>\n\t\t\t\t<figcaption class='wp-caption-text gallery-caption' id='gallery-1-1271'>\n\t\t\t\tConferencia do actor V\u00edctor Mosqueira\n\t\t\t\t<\/figcaption><\/figure><figure class='gallery-item'>\n\t\t\t<div class='gallery-icon landscape'>\n\t\t\t\t<a href='https:\/\/www.iesneiravilas.es\/arquivo\/?attachment_id=1270'><img loading=\"lazy\" decoding=\"async\" width=\"150\" height=\"150\" src=\"https:\/\/www.iesneiravilas.es\/arquivo\/wp-content\/uploads\/2014\/10\/semciencia03-150x150.jpg\" class=\"attachment-thumbnail size-thumbnail\" alt=\"Conferencia do actor V\u00edctor Mosqueira\" aria-describedby=\"gallery-1-1270\" \/><\/a>\n\t\t\t<\/div>\n\t\t\t\t<figcaption class='wp-caption-text gallery-caption' id='gallery-1-1270'>\n\t\t\t\tConferencia do actor V\u00edctor Mosqueira\n\t\t\t\t<\/figcaption><\/figure><figure class='gallery-item'>\n\t\t\t<div class='gallery-icon landscape'>\n\t\t\t\t<a href='https:\/\/www.iesneiravilas.es\/arquivo\/?attachment_id=1269'><img loading=\"lazy\" decoding=\"async\" width=\"150\" height=\"150\" src=\"https:\/\/www.iesneiravilas.es\/arquivo\/wp-content\/uploads\/2014\/10\/semciencia02-150x150.jpg\" class=\"attachment-thumbnail size-thumbnail\" alt=\"Concierto inaugural: Trio de Guitarras Banora\" aria-describedby=\"gallery-1-1269\" \/><\/a>\n\t\t\t<\/div>\n\t\t\t\t<figcaption class='wp-caption-text gallery-caption' id='gallery-1-1269'>\n\t\t\t\tConcierto inaugural: Trio de Guitarras Banora\n\t\t\t\t<\/figcaption><\/figure><figure class='gallery-item'>\n\t\t\t<div class='gallery-icon portrait'>\n\t\t\t\t<a href='https:\/\/www.iesneiravilas.es\/arquivo\/?attachment_id=1268'><img loading=\"lazy\" decoding=\"async\" width=\"150\" height=\"150\" src=\"https:\/\/www.iesneiravilas.es\/arquivo\/wp-content\/uploads\/2014\/10\/semciencia00-150x150.jpg\" class=\"attachment-thumbnail size-thumbnail\" alt=\"Programa de Actividades\" aria-describedby=\"gallery-1-1268\" \/><\/a>\n\t\t\t<\/div>\n\t\t\t\t<figcaption class='wp-caption-text gallery-caption' id='gallery-1-1268'>\n\t\t\t\tPrograma de Actividades\n\t\t\t\t<\/figcaption><\/figure><figure class='gallery-item'>\n\t\t\t<div class='gallery-icon landscape'>\n\t\t\t\t<a href='https:\/\/www.iesneiravilas.es\/arquivo\/?attachment_id=1265'><img loading=\"lazy\" decoding=\"async\" width=\"150\" height=\"150\" src=\"https:\/\/www.iesneiravilas.es\/arquivo\/wp-content\/uploads\/2014\/10\/santiago17-150x150.jpg\" class=\"attachment-thumbnail size-thumbnail\" alt=\"Excursi\u00f3n a Santiago de Compostela\" aria-describedby=\"gallery-1-1265\" \/><\/a>\n\t\t\t<\/div>\n\t\t\t\t<figcaption class='wp-caption-text gallery-caption' id='gallery-1-1265'>\n\t\t\t\tExcursi\u00f3n a Santiago de Compostela\n\t\t\t\t<\/figcaption><\/figure><figure class='gallery-item'>\n\t\t\t<div class='gallery-icon landscape'>\n\t\t\t\t<a href='https:\/\/www.iesneiravilas.es\/arquivo\/?attachment_id=1264'><img loading=\"lazy\" decoding=\"async\" width=\"150\" height=\"150\" src=\"https:\/\/www.iesneiravilas.es\/arquivo\/wp-content\/uploads\/2014\/10\/santiago16-150x150.jpg\" class=\"attachment-thumbnail size-thumbnail\" alt=\"Excursi\u00f3n a Santiago de Compostela\" aria-describedby=\"gallery-1-1264\" \/><\/a>\n\t\t\t<\/div>\n\t\t\t\t<figcaption class='wp-caption-text gallery-caption' id='gallery-1-1264'>\n\t\t\t\tExcursi\u00f3n a Santiago de Compostela\n\t\t\t\t<\/figcaption><\/figure><figure class='gallery-item'>\n\t\t\t<div class='gallery-icon landscape'>\n\t\t\t\t<a href='https:\/\/www.iesneiravilas.es\/arquivo\/?attachment_id=1263'><img loading=\"lazy\" decoding=\"async\" width=\"150\" height=\"150\" src=\"https:\/\/www.iesneiravilas.es\/arquivo\/wp-content\/uploads\/2014\/10\/santiago15-150x150.jpg\" class=\"attachment-thumbnail size-thumbnail\" alt=\"Excursi\u00f3n a Santiago de Compostela\" aria-describedby=\"gallery-1-1263\" \/><\/a>\n\t\t\t<\/div>\n\t\t\t\t<figcaption class='wp-caption-text gallery-caption' id='gallery-1-1263'>\n\t\t\t\tExcursi\u00f3n a Santiago de Compostela\n\t\t\t\t<\/figcaption><\/figure><figure class='gallery-item'>\n\t\t\t<div class='gallery-icon landscape'>\n\t\t\t\t<a href='https:\/\/www.iesneiravilas.es\/arquivo\/?attachment_id=1262'><img loading=\"lazy\" decoding=\"async\" width=\"150\" height=\"150\" src=\"https:\/\/www.iesneiravilas.es\/arquivo\/wp-content\/uploads\/2014\/10\/santiago14-150x150.jpg\" class=\"attachment-thumbnail size-thumbnail\" alt=\"Excursi\u00f3n a Santiago de Compostela\" aria-describedby=\"gallery-1-1262\" \/><\/a>\n\t\t\t<\/div>\n\t\t\t\t<figcaption class='wp-caption-text gallery-caption' id='gallery-1-1262'>\n\t\t\t\tExcursi\u00f3n a Santiago de Compostela\n\t\t\t\t<\/figcaption><\/figure><figure class='gallery-item'>\n\t\t\t<div class='gallery-icon landscape'>\n\t\t\t\t<a href='https:\/\/www.iesneiravilas.es\/arquivo\/?attachment_id=1261'><img loading=\"lazy\" decoding=\"async\" width=\"150\" height=\"150\" src=\"https:\/\/www.iesneiravilas.es\/arquivo\/wp-content\/uploads\/2014\/10\/santiago13-150x150.jpg\" class=\"attachment-thumbnail size-thumbnail\" alt=\"Excursi\u00f3n a Santiago de Compostela\" aria-describedby=\"gallery-1-1261\" \/><\/a>\n\t\t\t<\/div>\n\t\t\t\t<figcaption class='wp-caption-text gallery-caption' id='gallery-1-1261'>\n\t\t\t\tExcursi\u00f3n a Santiago de Compostela\n\t\t\t\t<\/figcaption><\/figure><figure class='gallery-item'>\n\t\t\t<div class='gallery-icon landscape'>\n\t\t\t\t<a href='https:\/\/www.iesneiravilas.es\/arquivo\/?attachment_id=1260'><img loading=\"lazy\" decoding=\"async\" width=\"150\" height=\"150\" src=\"https:\/\/www.iesneiravilas.es\/arquivo\/wp-content\/uploads\/2014\/10\/santiago12-150x150.jpg\" class=\"attachment-thumbnail size-thumbnail\" alt=\"Excursi\u00f3n a Santiago de Compostela\" aria-describedby=\"gallery-1-1260\" \/><\/a>\n\t\t\t<\/div>\n\t\t\t\t<figcaption class='wp-caption-text gallery-caption' id='gallery-1-1260'>\n\t\t\t\tExcursi\u00f3n a Santiago de Compostela\n\t\t\t\t<\/figcaption><\/figure><figure class='gallery-item'>\n\t\t\t<div class='gallery-icon landscape'>\n\t\t\t\t<a href='https:\/\/www.iesneiravilas.es\/arquivo\/?attachment_id=1259'><img loading=\"lazy\" decoding=\"async\" width=\"150\" height=\"150\" src=\"https:\/\/www.iesneiravilas.es\/arquivo\/wp-content\/uploads\/2014\/10\/santiago11-150x150.jpg\" class=\"attachment-thumbnail size-thumbnail\" alt=\"Excursi\u00f3n a Santiago de Compostela\" aria-describedby=\"gallery-1-1259\" \/><\/a>\n\t\t\t<\/div>\n\t\t\t\t<figcaption class='wp-caption-text gallery-caption' id='gallery-1-1259'>\n\t\t\t\tExcursi\u00f3n a Santiago de Compostela\n\t\t\t\t<\/figcaption><\/figure>\n\t\t<\/div>\n\n","protected":false},"excerpt":{"rendered":"<p>Un grupo de alumnos de 1\u00ba curso da ESO, visitou o Museo arqueol\u00f3xico da Coru\u00f1a para preparar as actividades da visita que realizar\u00e1n cos seus compa\u00f1eiros e que ser\u00e1n monitores. A actividade foi realizada polo Departamento de Xeograf\u00eda e Historia e o alumnado foi\u00a0 acompa\u00f1ado pola profesora Carmen Garc\u00eda-Rodeja. No Museo desenvolveron o proxecto de &hellip; <a href=\"https:\/\/www.iesneiravilas.es\/arquivo\/?p=2762\" class=\"more-link\">Seguir lendo <span class=\"screen-reader-text\">Monitores no Museo<\/span> <span class=\"meta-nav\">&rarr;<\/span><\/a><\/p>\n","protected":false},"author":1,"featured_media":0,"comment_status":"open","ping_status":"open","sticky":false,"template":"","format":"standard","meta":{"footnotes":""},"categories":[17,706,650,635],"tags":[388,47],"class_list":["post-2762","post","type-post","status-publish","format-standard","hentry","category-actividades","category-curso-2014-2015","category-departamento-de-xeografia-e-historia","category-departamentos","tag-carmen-garcia-rodeja","tag-museo-arqueoloxico"],"_links":{"self":[{"href":"https:\/\/www.iesneiravilas.es\/arquivo\/index.php?rest_route=\/wp\/v2\/posts\/2762","targetHints":{"allow":["GET"]}}],"collection":[{"href":"https:\/\/www.iesneiravilas.es\/arquivo\/index.php?rest_route=\/wp\/v2\/posts"}],"about":[{"href":"https:\/\/www.iesneiravilas.es\/arquivo\/index.php?rest_route=\/wp\/v2\/types\/post"}],"author":[{"embeddable":true,"href":"https:\/\/www.iesneiravilas.es\/arquivo\/index.php?rest_route=\/wp\/v2\/users\/1"}],"replies":[{"embeddable":true,"href":"https:\/\/www.iesneiravilas.es\/arquivo\/index.php?rest_route=%2Fwp%2Fv2%2Fcomments&post=2762"}],"version-history":[{"count":1,"href":"https:\/\/www.iesneiravilas.es\/arquivo\/index.php?rest_route=\/wp\/v2\/posts\/2762\/revisions"}],"predecessor-version":[{"id":2800,"href":"https:\/\/www.iesneiravilas.es\/arquivo\/index.php?rest_route=\/wp\/v2\/posts\/2762\/revisions\/2800"}],"wp:attachment":[{"href":"https:\/\/www.iesneiravilas.es\/arquivo\/index.php?rest_route=%2Fwp%2Fv2%2Fmedia&parent=2762"}],"wp:term":[{"taxonomy":"category","embeddable":true,"href":"https:\/\/www.iesneiravilas.es\/arquivo\/index.php?rest_route=%2Fwp%2Fv2%2Fcategories&post=2762"},{"taxonomy":"post_tag","embeddable":true,"href":"https:\/\/www.iesneiravilas.es\/arquivo\/index.php?rest_route=%2Fwp%2Fv2%2Ftags&post=2762"}],"curies":[{"name":"wp","href":"https:\/\/api.w.org\/{rel}","templated":true}]}}