{"id":2763,"date":"2015-03-03T14:00:14","date_gmt":"2015-03-03T13:00:14","guid":{"rendered":"http:\/\/iesneiravilas.es\/?p=1297"},"modified":"2015-09-26T13:15:09","modified_gmt":"2015-09-26T11:15:09","slug":"curso-de-practicas-restaurativas","status":"publish","type":"post","link":"https:\/\/www.iesneiravilas.es\/arquivo\/?p=2763","title":{"rendered":"Curso de Pr\u00e1cticas Restaurativas"},"content":{"rendered":"<p><a href=\"http:\/\/iesneiravilas.es\/wp-content\/uploads\/2015\/03\/Logo_equipo_mediacion.png\"><img loading=\"lazy\" decoding=\"async\" class=\"alignleft wp-image-1348\" src=\"http:\/\/iesneiravilas.es\/wp-content\/uploads\/2015\/03\/Logo_equipo_mediacion.png\" alt=\"Logo_equipo_mediacion\" width=\"150\" height=\"164\" \/><\/a>O Equipo de Convivencia e Mediaci\u00f3n do IESP Xos\u00e9 Neira Vilas organiza un curso, aberto \u00e1 toda a comunidade educativa, sobre &#8220;Pr\u00e1cticas restaurativas no centro educativo e na comunidade&#8221; os dias 11 e 12 de Abril.<\/p>\n<p>Tr\u00e1tase dunha formaci\u00f3n pr\u00e1ctica, destinada a co\u00f1ecer que son e como se usan as pr\u00e1cticas restaurativas no d\u00eda a d\u00eda.<\/p>\n<p><a href=\"http:\/\/iesneiravilas.es\/wp-content\/uploads\/2015\/03\/DipticoCursoPracticasRestaurativas.pdf\">Mais Informaci\u00f3n&#8230;<\/a><\/p>\n","protected":false},"excerpt":{"rendered":"<p>O Equipo de Convivencia e Mediaci\u00f3n do IESP Xos\u00e9 Neira Vilas organiza un curso, aberto \u00e1 toda a comunidade educativa, sobre &#8220;Pr\u00e1cticas restaurativas no centro educativo e na comunidade&#8221; os dias 11 e 12 de Abril. Tr\u00e1tase dunha formaci\u00f3n pr\u00e1ctica, destinada a co\u00f1ecer que son e como se usan as pr\u00e1cticas restaurativas no d\u00eda a &hellip; <a href=\"https:\/\/www.iesneiravilas.es\/arquivo\/?p=2763\" class=\"more-link\">Seguir lendo <span class=\"screen-reader-text\">Curso de Pr\u00e1cticas Restaurativas<\/span> <span class=\"meta-nav\">&rarr;<\/span><\/a><\/p>\n","protected":false},"author":1,"featured_media":0,"comment_status":"open","ping_status":"open","sticky":false,"template":"","format":"standard","meta":{"footnotes":""},"categories":[706,679,647],"tags":[680],"class_list":["post-2763","post","type-post","status-publish","format-standard","hentry","category-curso-2014-2015","category-orientacion","category-mediacion","tag-practicas-restaurativas"],"_links":{"self":[{"href":"https:\/\/www.iesneiravilas.es\/arquivo\/index.php?rest_route=\/wp\/v2\/posts\/2763","targetHints":{"allow":["GET"]}}],"collection":[{"href":"https:\/\/www.iesneiravilas.es\/arquivo\/index.php?rest_route=\/wp\/v2\/posts"}],"about":[{"href":"https:\/\/www.iesneiravilas.es\/arquivo\/index.php?rest_route=\/wp\/v2\/types\/post"}],"author":[{"embeddable":true,"href":"https:\/\/www.iesneiravilas.es\/arquivo\/index.php?rest_route=\/wp\/v2\/users\/1"}],"replies":[{"embeddable":true,"href":"https:\/\/www.iesneiravilas.es\/arquivo\/index.php?rest_route=%2Fwp%2Fv2%2Fcomments&post=2763"}],"version-history":[{"count":1,"href":"https:\/\/www.iesneiravilas.es\/arquivo\/index.php?rest_route=\/wp\/v2\/posts\/2763\/revisions"}],"predecessor-version":[{"id":2799,"href":"https:\/\/www.iesneiravilas.es\/arquivo\/index.php?rest_route=\/wp\/v2\/posts\/2763\/revisions\/2799"}],"wp:attachment":[{"href":"https:\/\/www.iesneiravilas.es\/arquivo\/index.php?rest_route=%2Fwp%2Fv2%2Fmedia&parent=2763"}],"wp:term":[{"taxonomy":"category","embeddable":true,"href":"https:\/\/www.iesneiravilas.es\/arquivo\/index.php?rest_route=%2Fwp%2Fv2%2Fcategories&post=2763"},{"taxonomy":"post_tag","embeddable":true,"href":"https:\/\/www.iesneiravilas.es\/arquivo\/index.php?rest_route=%2Fwp%2Fv2%2Ftags&post=2763"}],"curies":[{"name":"wp","href":"https:\/\/api.w.org\/{rel}","templated":true}]}}