{"id":2765,"date":"2015-03-12T11:59:45","date_gmt":"2015-03-12T10:59:45","guid":{"rendered":"http:\/\/iesneiravilas.es\/?p=1417"},"modified":"2015-09-26T13:16:07","modified_gmt":"2015-09-26T11:16:07","slug":"echange-scolaire-intercambio-escolar","status":"publish","type":"post","link":"https:\/\/www.iesneiravilas.es\/arquivo\/?p=2765","title":{"rendered":"\u00c9change Scolaire \/\/ Intercambio Escolar"},"content":{"rendered":"<p><strong>VII \u00ba INTERCAMBIO ESCOLAR I.E.S.P. XOS\u00c9 NEIRA VILAS DE OLEIROS-COLL\u00c8GE NOTRE DAME LE MENIMUR DE VANNES.-<\/strong><\/p>\n<figure id=\"attachment_1418\" aria-describedby=\"caption-attachment-1418\" style=\"width: 300px\" class=\"wp-caption alignleft\"><a href=\"http:\/\/iesneiravilas.es\/wp-content\/uploads\/2015\/03\/vii_intercambio_escolar.jpg\"><img loading=\"lazy\" decoding=\"async\" class=\"wp-image-1418 size-medium\" src=\"http:\/\/iesneiravilas.es\/wp-content\/uploads\/2015\/03\/vii_intercambio_escolar-300x169.jpg\" alt=\"VII Intercambio Escolar\" width=\"300\" height=\"169\" \/><\/a><figcaption id=\"caption-attachment-1418\" class=\"wp-caption-text\">VII Intercambio Escolar<\/figcaption><\/figure>\n<p>O intercambio escolar co Coll\u00e8ge Notre Dame le M\u00e9nimur, \u00e9 dende hai moitos anos parte da nosa vida como centro. M\u00e1is de 250 alumnos viviron esta experiencia, que usando as s\u00faas propias palabras &#8220;foi inesquecible&#8221;.<br \/>\nCo obxetivo de fomentar e profundizar no estudio da lingua francesa, 42 alumnos de 2\u00ba, 3\u00ba, 4\u00ba ESO e 1\u00ba de Bacharelato participan no VII\u00ba \u00c9CHANGE SCOLAIRE que ter\u00e1 lugar entre os d\u00edas 17 e 28 de marzo e estar\u00e1n acompa\u00f1dos polos profesores Dona Isabel L\u00f3pez Mari\u00f1o, Don Juan Santamaria e Don Carlos Vidal .<br \/>\nDurante a estad\u00eda en Vannes (Francia), o alumnado do Neira Vilas far\u00e1 diversas actividades : visita \u00e1 rexi\u00f3n da Breta\u00f1a francesa ( Carnac, Saint Malo, Mont Saint Michel, Quimper , etc.); tam\u00e9n asistir\u00e1n \u00e1s clases no Coll\u00e8ge Notre Dame Le Menimur e este ano e como novidade ao incoporarse o alumnado BACHIBAC asistir\u00e1n as clases no Lyc\u00e9e Notre Dame Le Menimur<br \/>\nO Intercambio rematar\u00e1 coa visita a Par\u00eds e o \u00faltimo d\u00eda ir\u00e1n a Eurodisney.<br \/>\nO alumnado franc\u00e9s e o profesorado acompa\u00f1ante ser\u00e1n os nosos invitados no mes de maio.<\/p>\n","protected":false},"excerpt":{"rendered":"<p>VII \u00ba INTERCAMBIO ESCOLAR I.E.S.P. XOS\u00c9 NEIRA VILAS DE OLEIROS-COLL\u00c8GE NOTRE DAME LE MENIMUR DE VANNES.- O intercambio escolar co Coll\u00e8ge Notre Dame le M\u00e9nimur, \u00e9 dende hai moitos anos parte da nosa vida como centro. M\u00e1is de 250 alumnos viviron esta experiencia, que usando as s\u00faas propias palabras &#8220;foi inesquecible&#8221;. Co obxetivo de fomentar &hellip; <a href=\"https:\/\/www.iesneiravilas.es\/arquivo\/?p=2765\" class=\"more-link\">Seguir lendo <span class=\"screen-reader-text\">\u00c9change Scolaire \/\/ Intercambio Escolar<\/span> <span class=\"meta-nav\">&rarr;<\/span><\/a><\/p>\n","protected":false},"author":1,"featured_media":0,"comment_status":"open","ping_status":"open","sticky":false,"template":"","format":"standard","meta":{"footnotes":""},"categories":[17,706,651,635],"tags":[652,122,681,682,295,124,683],"class_list":["post-2765","post","type-post","status-publish","format-standard","hentry","category-actividades","category-curso-2014-2015","category-departamento-de-frances","category-departamentos","tag-bachibac","tag-carlos-vidal","tag-echange-scolaire","tag-intercambio-escolar","tag-isabel-lopez-marino","tag-juan-santamaria","tag-lycee-notre-dame-le-menimur"],"_links":{"self":[{"href":"https:\/\/www.iesneiravilas.es\/arquivo\/index.php?rest_route=\/wp\/v2\/posts\/2765","targetHints":{"allow":["GET"]}}],"collection":[{"href":"https:\/\/www.iesneiravilas.es\/arquivo\/index.php?rest_route=\/wp\/v2\/posts"}],"about":[{"href":"https:\/\/www.iesneiravilas.es\/arquivo\/index.php?rest_route=\/wp\/v2\/types\/post"}],"author":[{"embeddable":true,"href":"https:\/\/www.iesneiravilas.es\/arquivo\/index.php?rest_route=\/wp\/v2\/users\/1"}],"replies":[{"embeddable":true,"href":"https:\/\/www.iesneiravilas.es\/arquivo\/index.php?rest_route=%2Fwp%2Fv2%2Fcomments&post=2765"}],"version-history":[{"count":1,"href":"https:\/\/www.iesneiravilas.es\/arquivo\/index.php?rest_route=\/wp\/v2\/posts\/2765\/revisions"}],"predecessor-version":[{"id":2833,"href":"https:\/\/www.iesneiravilas.es\/arquivo\/index.php?rest_route=\/wp\/v2\/posts\/2765\/revisions\/2833"}],"wp:attachment":[{"href":"https:\/\/www.iesneiravilas.es\/arquivo\/index.php?rest_route=%2Fwp%2Fv2%2Fmedia&parent=2765"}],"wp:term":[{"taxonomy":"category","embeddable":true,"href":"https:\/\/www.iesneiravilas.es\/arquivo\/index.php?rest_route=%2Fwp%2Fv2%2Fcategories&post=2765"},{"taxonomy":"post_tag","embeddable":true,"href":"https:\/\/www.iesneiravilas.es\/arquivo\/index.php?rest_route=%2Fwp%2Fv2%2Ftags&post=2765"}],"curies":[{"name":"wp","href":"https:\/\/api.w.org\/{rel}","templated":true}]}}