{"id":2767,"date":"2015-04-01T00:28:54","date_gmt":"2015-03-31T22:28:54","guid":{"rendered":"http:\/\/iesneiravilas.es\/?p=1434"},"modified":"2015-09-26T13:16:07","modified_gmt":"2015-09-26T11:16:07","slug":"semana-intercultural-2015","status":"publish","type":"post","link":"https:\/\/www.iesneiravilas.es\/arquivo\/?p=2767","title":{"rendered":"Semana Intercultural 2015"},"content":{"rendered":"<p><a href=\"http:\/\/iesneiravilas.es\/wp-content\/uploads\/2015\/04\/Cartel_Semana15_A4.jpg\"><img loading=\"lazy\" decoding=\"async\" class=\" size-medium wp-image-1435 alignleft\" src=\"http:\/\/iesneiravilas.es\/wp-content\/uploads\/2015\/04\/Cartel_Semana15_A4-212x300.jpg\" alt=\"Cartel_Semana15_A4\" width=\"212\" height=\"300\" \/><\/a>O instituto, na s\u00faa Semana Intercultural, s\u00famase \u00e1s celebraci\u00f3ns do ano 2015 como ano internacional da luz e das tecolox\u00edas baseadas na luz recollendo a proposta feita pola ONU.<\/p>\n<p>O <a href=\"http:\/\/iesneiravilas.es\/wp-content\/uploads\/2015\/04\/SemanaInter_Programa.pdf\">programa<\/a> que imos desenvolver contempla a luz como fen\u00f3meno f\u00edsico pero tam\u00e9n como fonte de vida e de conducta.<\/p>\n<p>&nbsp;<\/p>\n","protected":false},"excerpt":{"rendered":"<p>O instituto, na s\u00faa Semana Intercultural, s\u00famase \u00e1s celebraci\u00f3ns do ano 2015 como ano internacional da luz e das tecolox\u00edas baseadas na luz recollendo a proposta feita pola ONU. O programa que imos desenvolver contempla a luz como fen\u00f3meno f\u00edsico pero tam\u00e9n como fonte de vida e de conducta. &nbsp;<\/p>\n","protected":false},"author":1,"featured_media":0,"comment_status":"open","ping_status":"open","sticky":false,"template":"","format":"standard","meta":{"footnotes":""},"categories":[17,645,643,706],"tags":[],"class_list":["post-2767","post","type-post","status-publish","format-standard","hentry","category-actividades","category-alumnos","category-biblioteca","category-curso-2014-2015"],"_links":{"self":[{"href":"https:\/\/www.iesneiravilas.es\/arquivo\/index.php?rest_route=\/wp\/v2\/posts\/2767","targetHints":{"allow":["GET"]}}],"collection":[{"href":"https:\/\/www.iesneiravilas.es\/arquivo\/index.php?rest_route=\/wp\/v2\/posts"}],"about":[{"href":"https:\/\/www.iesneiravilas.es\/arquivo\/index.php?rest_route=\/wp\/v2\/types\/post"}],"author":[{"embeddable":true,"href":"https:\/\/www.iesneiravilas.es\/arquivo\/index.php?rest_route=\/wp\/v2\/users\/1"}],"replies":[{"embeddable":true,"href":"https:\/\/www.iesneiravilas.es\/arquivo\/index.php?rest_route=%2Fwp%2Fv2%2Fcomments&post=2767"}],"version-history":[{"count":1,"href":"https:\/\/www.iesneiravilas.es\/arquivo\/index.php?rest_route=\/wp\/v2\/posts\/2767\/revisions"}],"predecessor-version":[{"id":2831,"href":"https:\/\/www.iesneiravilas.es\/arquivo\/index.php?rest_route=\/wp\/v2\/posts\/2767\/revisions\/2831"}],"wp:attachment":[{"href":"https:\/\/www.iesneiravilas.es\/arquivo\/index.php?rest_route=%2Fwp%2Fv2%2Fmedia&parent=2767"}],"wp:term":[{"taxonomy":"category","embeddable":true,"href":"https:\/\/www.iesneiravilas.es\/arquivo\/index.php?rest_route=%2Fwp%2Fv2%2Fcategories&post=2767"},{"taxonomy":"post_tag","embeddable":true,"href":"https:\/\/www.iesneiravilas.es\/arquivo\/index.php?rest_route=%2Fwp%2Fv2%2Ftags&post=2767"}],"curies":[{"name":"wp","href":"https:\/\/api.w.org\/{rel}","templated":true}]}}