{"id":2769,"date":"2015-04-08T20:44:38","date_gmt":"2015-04-08T18:44:38","guid":{"rendered":"http:\/\/iesneiravilas.es\/?p=1465"},"modified":"2015-10-12T14:03:28","modified_gmt":"2015-10-12T12:03:28","slug":"visita-a-santiago","status":"publish","type":"post","link":"https:\/\/www.iesneiravilas.es\/arquivo\/?p=2769","title":{"rendered":"Visita a Santiago"},"content":{"rendered":"<figure id=\"attachment_1462\" aria-describedby=\"caption-attachment-1462\" style=\"width: 300px\" class=\"wp-caption alignleft\"><a href=\"http:\/\/iesneiravilas.es\/wp-content\/uploads\/2014\/09\/santiago_4_2015_2.jpg\"><img loading=\"lazy\" decoding=\"async\" class=\"size-medium wp-image-1462\" src=\"http:\/\/iesneiravilas.es\/wp-content\/uploads\/2014\/09\/santiago_4_2015_2-300x225.jpg\" alt=\"Visita a Santiago: Alumnado de Historia da Arte\" width=\"300\" height=\"225\" \/><\/a><figcaption id=\"caption-attachment-1462\" class=\"wp-caption-text\">Visita a Santiago: Alumnado de Historia da Arte<\/figcaption><\/figure>\n<p>O m\u00e9rcores 8 de abril o alumnado de Historia da Arte de 2\u00ba de bacharelato visitou Santiago de Compostela para ter unha clase pr\u00e1ctica coas obras santiaguesas da proba de selectividade.<br \/>\nRealizouse tam\u00e9n unha visita aos tellados da catedral, neste caso, acompa\u00f1ados polo alumnado de arte do IES \u201cMar\u00eda Casares\u201d<\/p>\n<div id='gallery-1' class='gallery galleryid-2769 gallery-columns-2 gallery-size-thumbnail'><figure class='gallery-item'>\n\t\t\t<div class='gallery-icon portrait'>\n\t\t\t\t<a href='https:\/\/www.iesneiravilas.es\/arquivo\/?attachment_id=2950'><img loading=\"lazy\" decoding=\"async\" width=\"150\" height=\"150\" src=\"https:\/\/www.iesneiravilas.es\/arquivo\/wp-content\/uploads\/2015\/04\/santiago_4_2015_1-150x150.jpg\" class=\"attachment-thumbnail size-thumbnail\" alt=\"Visita a Santiago\" aria-describedby=\"gallery-1-2950\" \/><\/a>\n\t\t\t<\/div>\n\t\t\t\t<figcaption class='wp-caption-text gallery-caption' id='gallery-1-2950'>\n\t\t\t\tVisita a Santiago\n\t\t\t\t<\/figcaption><\/figure><figure class='gallery-item'>\n\t\t\t<div class='gallery-icon landscape'>\n\t\t\t\t<a href='https:\/\/www.iesneiravilas.es\/arquivo\/?attachment_id=2951'><img loading=\"lazy\" decoding=\"async\" width=\"150\" height=\"150\" src=\"https:\/\/www.iesneiravilas.es\/arquivo\/wp-content\/uploads\/2015\/04\/santiago_4_2015_3-150x150.jpg\" class=\"attachment-thumbnail size-thumbnail\" alt=\"Visita a Santiago\" aria-describedby=\"gallery-1-2951\" \/><\/a>\n\t\t\t<\/div>\n\t\t\t\t<figcaption class='wp-caption-text gallery-caption' id='gallery-1-2951'>\n\t\t\t\tVisita a Santiago\n\t\t\t\t<\/figcaption><\/figure>\n\t\t<\/div>\n\n","protected":false},"excerpt":{"rendered":"<p>O m\u00e9rcores 8 de abril o alumnado de Historia da Arte de 2\u00ba de bacharelato visitou Santiago de Compostela para ter unha clase pr\u00e1ctica coas obras santiaguesas da proba de selectividade. Realizouse tam\u00e9n unha visita aos tellados da catedral, neste caso, acompa\u00f1ados polo alumnado de arte do IES \u201cMar\u00eda Casares\u201d<\/p>\n","protected":false},"author":1,"featured_media":0,"comment_status":"open","ping_status":"open","sticky":false,"template":"","format":"standard","meta":{"footnotes":""},"categories":[17,706,650,686],"tags":[687,504,162],"class_list":["post-2769","post","type-post","status-publish","format-standard","hentry","category-actividades","category-curso-2014-2015","category-departamento-de-xeografia-e-historia","category-excursion","tag-ies-maria-casares","tag-jorge-calle","tag-santiago-de-compostela"],"_links":{"self":[{"href":"https:\/\/www.iesneiravilas.es\/arquivo\/index.php?rest_route=\/wp\/v2\/posts\/2769","targetHints":{"allow":["GET"]}}],"collection":[{"href":"https:\/\/www.iesneiravilas.es\/arquivo\/index.php?rest_route=\/wp\/v2\/posts"}],"about":[{"href":"https:\/\/www.iesneiravilas.es\/arquivo\/index.php?rest_route=\/wp\/v2\/types\/post"}],"author":[{"embeddable":true,"href":"https:\/\/www.iesneiravilas.es\/arquivo\/index.php?rest_route=\/wp\/v2\/users\/1"}],"replies":[{"embeddable":true,"href":"https:\/\/www.iesneiravilas.es\/arquivo\/index.php?rest_route=%2Fwp%2Fv2%2Fcomments&post=2769"}],"version-history":[{"count":3,"href":"https:\/\/www.iesneiravilas.es\/arquivo\/index.php?rest_route=\/wp\/v2\/posts\/2769\/revisions"}],"predecessor-version":[{"id":2953,"href":"https:\/\/www.iesneiravilas.es\/arquivo\/index.php?rest_route=\/wp\/v2\/posts\/2769\/revisions\/2953"}],"wp:attachment":[{"href":"https:\/\/www.iesneiravilas.es\/arquivo\/index.php?rest_route=%2Fwp%2Fv2%2Fmedia&parent=2769"}],"wp:term":[{"taxonomy":"category","embeddable":true,"href":"https:\/\/www.iesneiravilas.es\/arquivo\/index.php?rest_route=%2Fwp%2Fv2%2Fcategories&post=2769"},{"taxonomy":"post_tag","embeddable":true,"href":"https:\/\/www.iesneiravilas.es\/arquivo\/index.php?rest_route=%2Fwp%2Fv2%2Ftags&post=2769"}],"curies":[{"name":"wp","href":"https:\/\/api.w.org\/{rel}","templated":true}]}}