{"id":2770,"date":"2015-04-13T19:36:48","date_gmt":"2015-04-13T17:36:48","guid":{"rendered":"http:\/\/iesneiravilas.es\/?p=1471"},"modified":"2015-09-26T13:16:06","modified_gmt":"2015-09-26T11:16:06","slug":"o-que-move-o-mundo","status":"publish","type":"post","link":"https:\/\/www.iesneiravilas.es\/arquivo\/?p=2770","title":{"rendered":"O que move o mundo"},"content":{"rendered":"<div>\n<figure id=\"attachment_1469\" aria-describedby=\"caption-attachment-1469\" style=\"width: 300px\" class=\"wp-caption alignleft\"><a href=\"http:\/\/iesneiravilas.es\/wp-content\/uploads\/2014\/09\/titulo_logo.jpg\"><img loading=\"lazy\" decoding=\"async\" class=\"size-medium wp-image-1469\" src=\"http:\/\/iesneiravilas.es\/wp-content\/uploads\/2014\/09\/titulo_logo-300x99.jpg\" alt=\"Oque move o mundo\" width=\"300\" height=\"99\" \/><\/a><figcaption id=\"caption-attachment-1469\" class=\"wp-caption-text\">Oque move o mundo<\/figcaption><\/figure>\n<p><span style=\"font-family: trebuchet ms,sans-serif;\">O venres 10 de abril, e dentro dos actos da Semana Intercultural, tivo lugar a performance &#8220;O que move o mundo&#8221;, espect\u00e1culo que contou coa participaci\u00f3n directa de m\u00e1is de 30 alumnas e alumnos -de todos os niveis educativos, desde 1\u00ba ESO a 2\u00ba Bacharelato- e a estreita colaboraci\u00f3n de oito profesoras e profesores. O motivo central xiraba en torno a unha historia relacionada co libro de Kirmen Uribe <i><b>&#8220;Lo que mueve el mundo&#8221;<\/b><\/i>.<br \/>\n<span class=\"im\">O espect\u00e1culo aglutinou actuaci\u00f3ns musicais variadas, mon\u00f3logos, videos, leituras e explicaci\u00f3ns, inclu\u00edndo un karaoke final.<br \/>\n<\/span><\/span><\/div>\n<div class=\"adL\"><span class=\"im\"><span style=\"font-family: trebuchet ms,sans-serif;\">Na senda doutros Proxectos de Biblioteca realizados neste curso acad\u00e9mico, o acto serv\u00edu para reafirmar a estreita interrelaci\u00f3n alumnado-profesorado e estreitar lazos na nosa comunidade educativa.<br \/>\nAproveitamos a ocasi\u00f3n para enviar a referencia do espect\u00e1culo ao autor literario, Kirmen Uribe, que respondeu afectuosamente:<\/span><i> &#8220;Cu\u00e1nto agradecemos los escritores estas cosas. Es muy bonito saber que un libro toma otras vidas. Precioso.&#8221;<\/i><br \/>\n<span style=\"font-family: trebuchet ms,sans-serif;\">Podes consultar m\u00e1is documentaci\u00f3n <a href=\"https:\/\/xosea.wordpress.com\/2015\/04\/10\/mlove\/\">aqu\u00ed<\/a>.<br \/>\n<\/span><\/span><\/div>\n","protected":false},"excerpt":{"rendered":"<p>O venres 10 de abril, e dentro dos actos da Semana Intercultural, tivo lugar a performance &#8220;O que move o mundo&#8221;, espect\u00e1culo que contou coa participaci\u00f3n directa de m\u00e1is de 30 alumnas e alumnos -de todos os niveis educativos, desde 1\u00ba ESO a 2\u00ba Bacharelato- e a estreita colaboraci\u00f3n de oito profesoras e profesores. O &hellip; <a href=\"https:\/\/www.iesneiravilas.es\/arquivo\/?p=2770\" class=\"more-link\">Seguir lendo <span class=\"screen-reader-text\">O que move o mundo<\/span> <span class=\"meta-nav\">&rarr;<\/span><\/a><\/p>\n","protected":false},"author":1,"featured_media":0,"comment_status":"open","ping_status":"open","sticky":false,"template":"","format":"standard","meta":{"footnotes":""},"categories":[17,643,706,644],"tags":[688,689],"class_list":["post-2770","post","type-post","status-publish","format-standard","hentry","category-actividades","category-biblioteca","category-curso-2014-2015","category-proxectos-de-biblioteca","tag-kirmen-uribe","tag-semana-intercultural"],"_links":{"self":[{"href":"https:\/\/www.iesneiravilas.es\/arquivo\/index.php?rest_route=\/wp\/v2\/posts\/2770","targetHints":{"allow":["GET"]}}],"collection":[{"href":"https:\/\/www.iesneiravilas.es\/arquivo\/index.php?rest_route=\/wp\/v2\/posts"}],"about":[{"href":"https:\/\/www.iesneiravilas.es\/arquivo\/index.php?rest_route=\/wp\/v2\/types\/post"}],"author":[{"embeddable":true,"href":"https:\/\/www.iesneiravilas.es\/arquivo\/index.php?rest_route=\/wp\/v2\/users\/1"}],"replies":[{"embeddable":true,"href":"https:\/\/www.iesneiravilas.es\/arquivo\/index.php?rest_route=%2Fwp%2Fv2%2Fcomments&post=2770"}],"version-history":[{"count":1,"href":"https:\/\/www.iesneiravilas.es\/arquivo\/index.php?rest_route=\/wp\/v2\/posts\/2770\/revisions"}],"predecessor-version":[{"id":2828,"href":"https:\/\/www.iesneiravilas.es\/arquivo\/index.php?rest_route=\/wp\/v2\/posts\/2770\/revisions\/2828"}],"wp:attachment":[{"href":"https:\/\/www.iesneiravilas.es\/arquivo\/index.php?rest_route=%2Fwp%2Fv2%2Fmedia&parent=2770"}],"wp:term":[{"taxonomy":"category","embeddable":true,"href":"https:\/\/www.iesneiravilas.es\/arquivo\/index.php?rest_route=%2Fwp%2Fv2%2Fcategories&post=2770"},{"taxonomy":"post_tag","embeddable":true,"href":"https:\/\/www.iesneiravilas.es\/arquivo\/index.php?rest_route=%2Fwp%2Fv2%2Ftags&post=2770"}],"curies":[{"name":"wp","href":"https:\/\/api.w.org\/{rel}","templated":true}]}}