{"id":2772,"date":"2015-04-26T19:33:48","date_gmt":"2015-04-26T17:33:48","guid":{"rendered":"http:\/\/iesneiravilas.es\/?p=1505"},"modified":"2015-09-30T12:49:15","modified_gmt":"2015-09-30T10:49:15","slug":"titulo-a-descuberta-da-arquitectura-e-a-paisaxevisita-a-guimaraes-portugal","status":"publish","type":"post","link":"https:\/\/www.iesneiravilas.es\/arquivo\/?p=2772","title":{"rendered":"\u00c1 descuberta da arquitectura e a paisaxe: Visita a Guimar\u00e3es (Portugal)"},"content":{"rendered":"<div>\n<figure id=\"attachment_1515\" aria-describedby=\"caption-attachment-1515\" style=\"width: 300px\" class=\"wp-caption alignleft\"><a href=\"http:\/\/iesneiravilas.es\/wp-content\/uploads\/2015\/04\/guimaraes_091.jpg\"><img loading=\"lazy\" decoding=\"async\" class=\"size-medium wp-image-1515\" src=\"http:\/\/iesneiravilas.es\/wp-content\/uploads\/2015\/04\/guimaraes_091-300x208.jpg\" alt=\"Visita a Guimar\u00e3es\" width=\"300\" height=\"208\" \/><\/a><figcaption id=\"caption-attachment-1515\" class=\"wp-caption-text\">Visita a Guimar\u00e3es<\/figcaption><\/figure>\n<p>Os d\u00edas 21 e 22 de abril o alumnado de 4\u00ba ESO realizou unha visita \u00e1 cidade portuguesa de Guimar\u00e3es. A actividade est\u00e1 organizada co proxecto Terra e o noso centro leva xa varios anos realizando estas sa\u00eddas ao pa\u00eds veci\u00f1o. O completo programa incl\u00fae actividades variadas: a visita \u00e1 citania de Briteiros ou ao mosteiro de Souto San Salvador, o percorrido en telef\u00e9rico ata o monte da Penha, a visita guiada \u00e1 \u00e1rea de rehabilitaci\u00f3n de Couros, a descuberta polo casco antigo de Guimar\u00e3es e a visita ao castelo e pazo dos duques de Bragan\u00e7a. D\u00faas xornadas completas comendo e durmindo na pousada da xuventude desa localidade portuguesa. O alumnado foi\u00a0acompa\u00f1ado polos profesores Jorge Calle, Carmen \u00a0Garc\u00eda-Rodeja e Isabel L\u00f3pez Mari\u00f1o<\/p>\n<\/div>\n<div><\/div>\n<div>\n<div id='gallery-1' class='gallery galleryid-2772 gallery-columns-3 gallery-size-thumbnail'><figure class='gallery-item'>\n\t\t\t<div class='gallery-icon landscape'>\n\t\t\t\t<a href='https:\/\/www.iesneiravilas.es\/arquivo\/?attachment_id=2920'><img loading=\"lazy\" decoding=\"async\" width=\"150\" height=\"150\" src=\"https:\/\/www.iesneiravilas.es\/arquivo\/wp-content\/uploads\/2015\/04\/guimaraes_11-150x150.jpg\" class=\"attachment-thumbnail size-thumbnail\" alt=\"Visita a Guimar\u00e3es\" aria-describedby=\"gallery-1-2920\" \/><\/a>\n\t\t\t<\/div>\n\t\t\t\t<figcaption class='wp-caption-text gallery-caption' id='gallery-1-2920'>\n\t\t\t\tVisita a Guimar\u00e3es\n\t\t\t\t<\/figcaption><\/figure><figure class='gallery-item'>\n\t\t\t<div class='gallery-icon landscape'>\n\t\t\t\t<a href='https:\/\/www.iesneiravilas.es\/arquivo\/?attachment_id=2919'><img loading=\"lazy\" decoding=\"async\" width=\"150\" height=\"150\" src=\"https:\/\/www.iesneiravilas.es\/arquivo\/wp-content\/uploads\/2015\/04\/guimaraes_10-150x150.jpg\" class=\"attachment-thumbnail size-thumbnail\" alt=\"Visita a Guimar\u00e3es\" aria-describedby=\"gallery-1-2919\" \/><\/a>\n\t\t\t<\/div>\n\t\t\t\t<figcaption class='wp-caption-text gallery-caption' id='gallery-1-2919'>\n\t\t\t\tVisita a Guimar\u00e3es\n\t\t\t\t<\/figcaption><\/figure><figure class='gallery-item'>\n\t\t\t<div class='gallery-icon landscape'>\n\t\t\t\t<a href='https:\/\/www.iesneiravilas.es\/arquivo\/?attachment_id=2918'><img loading=\"lazy\" decoding=\"async\" width=\"150\" height=\"150\" src=\"https:\/\/www.iesneiravilas.es\/arquivo\/wp-content\/uploads\/2015\/04\/guimaraes_08-150x150.jpg\" class=\"attachment-thumbnail size-thumbnail\" alt=\"Visita a Guimar\u00e3es\" aria-describedby=\"gallery-1-2918\" \/><\/a>\n\t\t\t<\/div>\n\t\t\t\t<figcaption class='wp-caption-text gallery-caption' id='gallery-1-2918'>\n\t\t\t\tVisita a Guimar\u00e3es\n\t\t\t\t<\/figcaption><\/figure><figure class='gallery-item'>\n\t\t\t<div class='gallery-icon landscape'>\n\t\t\t\t<a href='https:\/\/www.iesneiravilas.es\/arquivo\/?attachment_id=2917'><img loading=\"lazy\" decoding=\"async\" width=\"150\" height=\"150\" src=\"https:\/\/www.iesneiravilas.es\/arquivo\/wp-content\/uploads\/2015\/04\/guimaraes_07-150x150.jpg\" class=\"attachment-thumbnail size-thumbnail\" alt=\"Visita a Guimar\u00e3es\" aria-describedby=\"gallery-1-2917\" \/><\/a>\n\t\t\t<\/div>\n\t\t\t\t<figcaption class='wp-caption-text gallery-caption' id='gallery-1-2917'>\n\t\t\t\tVisita a Guimar\u00e3es\n\t\t\t\t<\/figcaption><\/figure><figure class='gallery-item'>\n\t\t\t<div class='gallery-icon portrait'>\n\t\t\t\t<a href='https:\/\/www.iesneiravilas.es\/arquivo\/?attachment_id=2916'><img loading=\"lazy\" decoding=\"async\" width=\"150\" height=\"150\" src=\"https:\/\/www.iesneiravilas.es\/arquivo\/wp-content\/uploads\/2015\/04\/guimaraes_06-150x150.jpg\" class=\"attachment-thumbnail size-thumbnail\" alt=\"Visita a Guimar\u00e3es\" aria-describedby=\"gallery-1-2916\" \/><\/a>\n\t\t\t<\/div>\n\t\t\t\t<figcaption class='wp-caption-text gallery-caption' id='gallery-1-2916'>\n\t\t\t\tVisita a Guimar\u00e3es\n\t\t\t\t<\/figcaption><\/figure><figure class='gallery-item'>\n\t\t\t<div class='gallery-icon landscape'>\n\t\t\t\t<a href='https:\/\/www.iesneiravilas.es\/arquivo\/?attachment_id=2915'><img loading=\"lazy\" decoding=\"async\" width=\"150\" height=\"150\" src=\"https:\/\/www.iesneiravilas.es\/arquivo\/wp-content\/uploads\/2015\/04\/guimaraes_05-150x150.jpg\" class=\"attachment-thumbnail size-thumbnail\" alt=\"Visita a Guimar\u00e3es\" aria-describedby=\"gallery-1-2915\" \/><\/a>\n\t\t\t<\/div>\n\t\t\t\t<figcaption class='wp-caption-text gallery-caption' id='gallery-1-2915'>\n\t\t\t\tVisita a Guimar\u00e3es\n\t\t\t\t<\/figcaption><\/figure><figure class='gallery-item'>\n\t\t\t<div class='gallery-icon landscape'>\n\t\t\t\t<a href='https:\/\/www.iesneiravilas.es\/arquivo\/?attachment_id=2914'><img loading=\"lazy\" decoding=\"async\" width=\"150\" height=\"150\" src=\"https:\/\/www.iesneiravilas.es\/arquivo\/wp-content\/uploads\/2015\/04\/guimaraes_04-150x150.jpg\" class=\"attachment-thumbnail size-thumbnail\" alt=\"Visita a Guimar\u00e3es\" aria-describedby=\"gallery-1-2914\" \/><\/a>\n\t\t\t<\/div>\n\t\t\t\t<figcaption class='wp-caption-text gallery-caption' id='gallery-1-2914'>\n\t\t\t\tVisita a Guimar\u00e3es\n\t\t\t\t<\/figcaption><\/figure><figure class='gallery-item'>\n\t\t\t<div class='gallery-icon landscape'>\n\t\t\t\t<a href='https:\/\/www.iesneiravilas.es\/arquivo\/?attachment_id=2913'><img loading=\"lazy\" decoding=\"async\" width=\"150\" height=\"150\" src=\"https:\/\/www.iesneiravilas.es\/arquivo\/wp-content\/uploads\/2015\/04\/guimaraes_03-150x150.jpg\" class=\"attachment-thumbnail size-thumbnail\" alt=\"Visita a Guimar\u00e3es\" aria-describedby=\"gallery-1-2913\" \/><\/a>\n\t\t\t<\/div>\n\t\t\t\t<figcaption class='wp-caption-text gallery-caption' id='gallery-1-2913'>\n\t\t\t\tVisita a Guimar\u00e3es\n\t\t\t\t<\/figcaption><\/figure><figure class='gallery-item'>\n\t\t\t<div class='gallery-icon landscape'>\n\t\t\t\t<a href='https:\/\/www.iesneiravilas.es\/arquivo\/?attachment_id=2912'><img loading=\"lazy\" decoding=\"async\" width=\"150\" height=\"150\" src=\"https:\/\/www.iesneiravilas.es\/arquivo\/wp-content\/uploads\/2015\/04\/guimaraes_02-150x150.jpg\" class=\"attachment-thumbnail size-thumbnail\" alt=\"Visita a Guimar\u00e3es\" aria-describedby=\"gallery-1-2912\" \/><\/a>\n\t\t\t<\/div>\n\t\t\t\t<figcaption class='wp-caption-text gallery-caption' id='gallery-1-2912'>\n\t\t\t\tVisita a Guimar\u00e3es\n\t\t\t\t<\/figcaption><\/figure><figure class='gallery-item'>\n\t\t\t<div class='gallery-icon landscape'>\n\t\t\t\t<a href='https:\/\/www.iesneiravilas.es\/arquivo\/?attachment_id=2911'><img loading=\"lazy\" decoding=\"async\" width=\"150\" height=\"150\" src=\"https:\/\/www.iesneiravilas.es\/arquivo\/wp-content\/uploads\/2015\/04\/guimaraes_01-150x150.jpg\" class=\"attachment-thumbnail size-thumbnail\" alt=\"Visita a Guimar\u00e3es\" aria-describedby=\"gallery-1-2911\" \/><\/a>\n\t\t\t<\/div>\n\t\t\t\t<figcaption class='wp-caption-text gallery-caption' id='gallery-1-2911'>\n\t\t\t\tVisita a Guimar\u00e3es\n\t\t\t\t<\/figcaption><\/figure><figure class='gallery-item'>\n\t\t\t<div class='gallery-icon landscape'>\n\t\t\t\t<a href='https:\/\/www.iesneiravilas.es\/arquivo\/?attachment_id=2923'><img loading=\"lazy\" decoding=\"async\" width=\"150\" height=\"150\" src=\"https:\/\/www.iesneiravilas.es\/arquivo\/wp-content\/uploads\/2015\/04\/guimaraes_0911-150x150.jpg\" class=\"attachment-thumbnail size-thumbnail\" alt=\"\" \/><\/a>\n\t\t\t<\/div><\/figure>\n\t\t<\/div>\n\n<\/div>\n","protected":false},"excerpt":{"rendered":"<p>Os d\u00edas 21 e 22 de abril o alumnado de 4\u00ba ESO realizou unha visita \u00e1 cidade portuguesa de Guimar\u00e3es. A actividade est\u00e1 organizada co proxecto Terra e o noso centro leva xa varios anos realizando estas sa\u00eddas ao pa\u00eds veci\u00f1o. O completo programa incl\u00fae actividades variadas: a visita \u00e1 citania de Briteiros ou ao &hellip; <a href=\"https:\/\/www.iesneiravilas.es\/arquivo\/?p=2772\" class=\"more-link\">Seguir lendo <span class=\"screen-reader-text\">\u00c1 descuberta da arquitectura e a paisaxe: Visita a Guimar\u00e3es (Portugal)<\/span> <span class=\"meta-nav\">&rarr;<\/span><\/a><\/p>\n","protected":false},"author":1,"featured_media":0,"comment_status":"open","ping_status":"open","sticky":false,"template":"","format":"standard","meta":{"footnotes":""},"categories":[17,706,686],"tags":[388,690,295,504,691],"class_list":["post-2772","post","type-post","status-publish","format-standard","hentry","category-actividades","category-curso-2014-2015","category-excursion","tag-carmen-garcia-rodeja","tag-guimaraes","tag-isabel-lopez-marino","tag-jorge-calle","tag-proxecto-terra"],"_links":{"self":[{"href":"https:\/\/www.iesneiravilas.es\/arquivo\/index.php?rest_route=\/wp\/v2\/posts\/2772","targetHints":{"allow":["GET"]}}],"collection":[{"href":"https:\/\/www.iesneiravilas.es\/arquivo\/index.php?rest_route=\/wp\/v2\/posts"}],"about":[{"href":"https:\/\/www.iesneiravilas.es\/arquivo\/index.php?rest_route=\/wp\/v2\/types\/post"}],"author":[{"embeddable":true,"href":"https:\/\/www.iesneiravilas.es\/arquivo\/index.php?rest_route=\/wp\/v2\/users\/1"}],"replies":[{"embeddable":true,"href":"https:\/\/www.iesneiravilas.es\/arquivo\/index.php?rest_route=%2Fwp%2Fv2%2Fcomments&post=2772"}],"version-history":[{"count":3,"href":"https:\/\/www.iesneiravilas.es\/arquivo\/index.php?rest_route=\/wp\/v2\/posts\/2772\/revisions"}],"predecessor-version":[{"id":2924,"href":"https:\/\/www.iesneiravilas.es\/arquivo\/index.php?rest_route=\/wp\/v2\/posts\/2772\/revisions\/2924"}],"wp:attachment":[{"href":"https:\/\/www.iesneiravilas.es\/arquivo\/index.php?rest_route=%2Fwp%2Fv2%2Fmedia&parent=2772"}],"wp:term":[{"taxonomy":"category","embeddable":true,"href":"https:\/\/www.iesneiravilas.es\/arquivo\/index.php?rest_route=%2Fwp%2Fv2%2Fcategories&post=2772"},{"taxonomy":"post_tag","embeddable":true,"href":"https:\/\/www.iesneiravilas.es\/arquivo\/index.php?rest_route=%2Fwp%2Fv2%2Ftags&post=2772"}],"curies":[{"name":"wp","href":"https:\/\/api.w.org\/{rel}","templated":true}]}}