{"id":2773,"date":"2015-04-28T09:44:32","date_gmt":"2015-04-28T07:44:32","guid":{"rendered":"http:\/\/iesneiravilas.es\/?p=1530"},"modified":"2015-09-30T00:06:10","modified_gmt":"2015-09-29T22:06:10","slug":"presentacion-do-proxecto-mulleres-colleiteiras","status":"publish","type":"post","link":"https:\/\/www.iesneiravilas.es\/arquivo\/?p=2773","title":{"rendered":"Presentaci\u00f3n do proxecto &#8220;Mulleres Colleiteiras&#8221;"},"content":{"rendered":"<p><a href=\"http:\/\/iesneiravilas.es\/wp-content\/uploads\/2015\/04\/logo-mulleres_colleiteiras-01-05.png\"><img loading=\"lazy\" decoding=\"async\" class=\"alignleft wp-image-1531 size-thumbnail\" src=\"http:\/\/iesneiravilas.es\/wp-content\/uploads\/2015\/04\/logo-mulleres_colleiteiras-01-05-150x150.png\" alt=\"logo mulleres_colleiteiras-01-05\" width=\"150\" height=\"150\" \/><\/a>O 9 de Marzo os alumnos de 1\u00ba e 2\u00ba ESO asistiron \u00e1 presentaci\u00f3n do proxecto de recollida de aceite usado da cooperativa &#8220;Mulleres Colleiteiras&#8221;.<\/p>\n<p>A charla organizada co apoio da Conceller\u00eda de Ensino e Xuventude, pretende sensibilizar ao alumnado da importancia social e ambiental do proxecto.<\/p>\n<p>O noso centro ten previsto colaborar coa instalaci\u00f3n dun punto de recollida aberto \u00e1 participaci\u00f3n de toda a comunidade educativa.<\/p>\n<p><a href=\"http:\/\/mullerescolleiteiras.blogspot.com.es\/\">Enlace \u00e1 Mulleres Colleiteiras<\/a><\/p>\n","protected":false},"excerpt":{"rendered":"<p>O 9 de Marzo os alumnos de 1\u00ba e 2\u00ba ESO asistiron \u00e1 presentaci\u00f3n do proxecto de recollida de aceite usado da cooperativa &#8220;Mulleres Colleiteiras&#8221;. A charla organizada co apoio da Conceller\u00eda de Ensino e Xuventude, pretende sensibilizar ao alumnado da importancia social e ambiental do proxecto. O noso centro ten previsto colaborar coa instalaci\u00f3n &hellip; <a href=\"https:\/\/www.iesneiravilas.es\/arquivo\/?p=2773\" class=\"more-link\">Seguir lendo <span class=\"screen-reader-text\">Presentaci\u00f3n do proxecto &#8220;Mulleres Colleiteiras&#8221;<\/span> <span class=\"meta-nav\">&rarr;<\/span><\/a><\/p>\n","protected":false},"author":1,"featured_media":0,"comment_status":"open","ping_status":"open","sticky":false,"template":"","format":"standard","meta":{"footnotes":""},"categories":[17,706],"tags":[692],"class_list":["post-2773","post","type-post","status-publish","format-standard","hentry","category-actividades","category-curso-2014-2015","tag-mulleres-colleiteiras"],"_links":{"self":[{"href":"https:\/\/www.iesneiravilas.es\/arquivo\/index.php?rest_route=\/wp\/v2\/posts\/2773","targetHints":{"allow":["GET"]}}],"collection":[{"href":"https:\/\/www.iesneiravilas.es\/arquivo\/index.php?rest_route=\/wp\/v2\/posts"}],"about":[{"href":"https:\/\/www.iesneiravilas.es\/arquivo\/index.php?rest_route=\/wp\/v2\/types\/post"}],"author":[{"embeddable":true,"href":"https:\/\/www.iesneiravilas.es\/arquivo\/index.php?rest_route=\/wp\/v2\/users\/1"}],"replies":[{"embeddable":true,"href":"https:\/\/www.iesneiravilas.es\/arquivo\/index.php?rest_route=%2Fwp%2Fv2%2Fcomments&post=2773"}],"version-history":[{"count":1,"href":"https:\/\/www.iesneiravilas.es\/arquivo\/index.php?rest_route=\/wp\/v2\/posts\/2773\/revisions"}],"predecessor-version":[{"id":2825,"href":"https:\/\/www.iesneiravilas.es\/arquivo\/index.php?rest_route=\/wp\/v2\/posts\/2773\/revisions\/2825"}],"wp:attachment":[{"href":"https:\/\/www.iesneiravilas.es\/arquivo\/index.php?rest_route=%2Fwp%2Fv2%2Fmedia&parent=2773"}],"wp:term":[{"taxonomy":"category","embeddable":true,"href":"https:\/\/www.iesneiravilas.es\/arquivo\/index.php?rest_route=%2Fwp%2Fv2%2Fcategories&post=2773"},{"taxonomy":"post_tag","embeddable":true,"href":"https:\/\/www.iesneiravilas.es\/arquivo\/index.php?rest_route=%2Fwp%2Fv2%2Ftags&post=2773"}],"curies":[{"name":"wp","href":"https:\/\/api.w.org\/{rel}","templated":true}]}}