{"id":2774,"date":"2015-04-28T10:26:01","date_gmt":"2015-04-28T08:26:01","guid":{"rendered":"http:\/\/iesneiravilas.es\/?p=1535"},"modified":"2015-09-26T13:16:06","modified_gmt":"2015-09-26T11:16:06","slug":"punto-de-recollida-de-aceite-usado","status":"publish","type":"post","link":"https:\/\/www.iesneiravilas.es\/arquivo\/?p=2774","title":{"rendered":"Punto de recollida de aceite usado"},"content":{"rendered":"<figure id=\"attachment_1552\" aria-describedby=\"caption-attachment-1552\" style=\"width: 169px\" class=\"wp-caption alignleft\"><a href=\"http:\/\/iesneiravilas.es\/wp-content\/uploads\/2015\/04\/Instalacion_Aceite1.jpg\"><img loading=\"lazy\" decoding=\"async\" class=\"size-medium wp-image-1552\" src=\"http:\/\/iesneiravilas.es\/wp-content\/uploads\/2015\/04\/Instalacion_Aceite1-169x300.jpg\" alt=\"OLYMPUS DIGITAL CAMERA\" width=\"169\" height=\"300\" \/><\/a><figcaption id=\"caption-attachment-1552\" class=\"wp-caption-text\">Ubicaci\u00f3n do punto de recollida<\/figcaption><\/figure>\n<p>Dentro do proxecto de colaboraci\u00f3n coa cooperativa &#8220;Mulleres colleiteiras&#8221; instalouse un contedor para recoller aceite usado.<\/p>\n<p>P\u00eddese a colaboraci\u00f3n de toda a comunidade educativa, especialmente das familias, para acadar a maior cantidade posible de aceite reciclado de aqu\u00ed ao 5 de xu\u00f1o (O d\u00eda Mundial do Medio Ambiente).<\/p>\n<p>Pretendese educar na responsabilidade que temos de coidar do medio ambiente e como afecta \u00e1 nosa calidade de vida.<\/p>\n<p><a href=\"http:\/\/iesneiravilas.es\/wp-content\/uploads\/2015\/04\/D\u00edptico-colleiteiras.pdf\">D\u00edptico informativo<\/a><\/p>\n<p>&nbsp;<\/p>\n","protected":false},"excerpt":{"rendered":"<p>Dentro do proxecto de colaboraci\u00f3n coa cooperativa &#8220;Mulleres colleiteiras&#8221; instalouse un contedor para recoller aceite usado. P\u00eddese a colaboraci\u00f3n de toda a comunidade educativa, especialmente das familias, para acadar a maior cantidade posible de aceite reciclado de aqu\u00ed ao 5 de xu\u00f1o (O d\u00eda Mundial do Medio Ambiente). Pretendese educar na responsabilidade que temos de &hellip; <a href=\"https:\/\/www.iesneiravilas.es\/arquivo\/?p=2774\" class=\"more-link\">Seguir lendo <span class=\"screen-reader-text\">Punto de recollida de aceite usado<\/span> <span class=\"meta-nav\">&rarr;<\/span><\/a><\/p>\n","protected":false},"author":1,"featured_media":0,"comment_status":"open","ping_status":"open","sticky":false,"template":"","format":"standard","meta":{"footnotes":""},"categories":[706,695],"tags":[694,692],"class_list":["post-2774","post","type-post","status-publish","format-standard","hentry","category-curso-2014-2015","category-proxectos-ambientais","tag-aceite-reciclado","tag-mulleres-colleiteiras"],"_links":{"self":[{"href":"https:\/\/www.iesneiravilas.es\/arquivo\/index.php?rest_route=\/wp\/v2\/posts\/2774","targetHints":{"allow":["GET"]}}],"collection":[{"href":"https:\/\/www.iesneiravilas.es\/arquivo\/index.php?rest_route=\/wp\/v2\/posts"}],"about":[{"href":"https:\/\/www.iesneiravilas.es\/arquivo\/index.php?rest_route=\/wp\/v2\/types\/post"}],"author":[{"embeddable":true,"href":"https:\/\/www.iesneiravilas.es\/arquivo\/index.php?rest_route=\/wp\/v2\/users\/1"}],"replies":[{"embeddable":true,"href":"https:\/\/www.iesneiravilas.es\/arquivo\/index.php?rest_route=%2Fwp%2Fv2%2Fcomments&post=2774"}],"version-history":[{"count":1,"href":"https:\/\/www.iesneiravilas.es\/arquivo\/index.php?rest_route=\/wp\/v2\/posts\/2774\/revisions"}],"predecessor-version":[{"id":2824,"href":"https:\/\/www.iesneiravilas.es\/arquivo\/index.php?rest_route=\/wp\/v2\/posts\/2774\/revisions\/2824"}],"wp:attachment":[{"href":"https:\/\/www.iesneiravilas.es\/arquivo\/index.php?rest_route=%2Fwp%2Fv2%2Fmedia&parent=2774"}],"wp:term":[{"taxonomy":"category","embeddable":true,"href":"https:\/\/www.iesneiravilas.es\/arquivo\/index.php?rest_route=%2Fwp%2Fv2%2Fcategories&post=2774"},{"taxonomy":"post_tag","embeddable":true,"href":"https:\/\/www.iesneiravilas.es\/arquivo\/index.php?rest_route=%2Fwp%2Fv2%2Ftags&post=2774"}],"curies":[{"name":"wp","href":"https:\/\/api.w.org\/{rel}","templated":true}]}}