{"id":2775,"date":"2015-04-29T09:42:26","date_gmt":"2015-04-29T07:42:26","guid":{"rendered":"http:\/\/iesneiravilas.es\/?p=1542"},"modified":"2015-09-26T13:16:06","modified_gmt":"2015-09-26T11:16:06","slug":"viaxe-europea-2015-paises-baixos-amsterdam","status":"publish","type":"post","link":"https:\/\/www.iesneiravilas.es\/arquivo\/?p=2775","title":{"rendered":"&#8220;Viaxe Europea 2015\u201d Pa\u00edses Baixos \u2013 Amsterdam"},"content":{"rendered":"<figure id=\"attachment_1541\" aria-describedby=\"caption-attachment-1541\" style=\"width: 300px\" class=\"wp-caption alignleft\"><a href=\"http:\/\/iesneiravilas.es\/wp-content\/uploads\/2014\/09\/I_am_sterdam.jpg\"><img loading=\"lazy\" decoding=\"async\" class=\"size-medium wp-image-1541\" src=\"http:\/\/iesneiravilas.es\/wp-content\/uploads\/2014\/09\/I_am_sterdam-300x113.jpg\" alt=\"I amsterdam\" width=\"300\" height=\"113\" \/><\/a><figcaption id=\"caption-attachment-1541\" class=\"wp-caption-text\">I amsterdam<\/figcaption><\/figure>\n<p>54 alumnas e alumnos da Secci\u00f3n Pluriling\u00fce e este ano tam\u00e9n os de BACHIBAC realizar\u00e1n a xa tradicional \u201cVIAXE EUROPEA\u201d co \u00e1nimo de que co\u00f1ecen cidades e pa\u00edses da U.E., este curso a Amsterdam e estar\u00e1n acompa\u00f1ados de 4 profesores do centro e da Asistente de Linguas Marie-No\u00eblle Chapelle . As datas da viaxe son do 30 de abril a 4 de maio.<\/p>\n<p>Nesta cidade visitaremos a Casa Museo de Ana Frank, o Museo Vang Gogh, o Rijsmuseum e o Museo da Ciencia NEMO ( o museo de ciencia e tecnolox\u00eda mais importante de Holanda), sen esquecer o paseo polos canais da fermosa cidade de Amterdam, tam\u00e9n aproveitaremos para co\u00f1ecer os recunchos mais tradicionais da cidade como o Mercado das Flores , o Mercado de Albert Cuyp, a Praza Dam, o parque Vondelpark etc\u2026<\/p>\n","protected":false},"excerpt":{"rendered":"<p>54 alumnas e alumnos da Secci\u00f3n Pluriling\u00fce e este ano tam\u00e9n os de BACHIBAC realizar\u00e1n a xa tradicional \u201cVIAXE EUROPEA\u201d co \u00e1nimo de que co\u00f1ecen cidades e pa\u00edses da U.E., este curso a Amsterdam e estar\u00e1n acompa\u00f1ados de 4 profesores do centro e da Asistente de Linguas Marie-No\u00eblle Chapelle . As datas da viaxe son &hellip; <a href=\"https:\/\/www.iesneiravilas.es\/arquivo\/?p=2775\" class=\"more-link\">Seguir lendo <span class=\"screen-reader-text\">&#8220;Viaxe Europea 2015\u201d Pa\u00edses Baixos \u2013 Amsterdam<\/span> <span class=\"meta-nav\">&rarr;<\/span><\/a><\/p>\n","protected":false},"author":1,"featured_media":0,"comment_status":"open","ping_status":"open","sticky":false,"template":"","format":"standard","meta":{"footnotes":""},"categories":[17,645,706,651,686],"tags":[696,652,697,698,699],"class_list":["post-2775","post","type-post","status-publish","format-standard","hentry","category-actividades","category-alumnos","category-curso-2014-2015","category-departamento-de-frances","category-excursion","tag-amsterdam","tag-bachibac","tag-marie-noelle-chapelle","tag-seccion-plurilingue","tag-viaxe-europea-2015"],"_links":{"self":[{"href":"https:\/\/www.iesneiravilas.es\/arquivo\/index.php?rest_route=\/wp\/v2\/posts\/2775","targetHints":{"allow":["GET"]}}],"collection":[{"href":"https:\/\/www.iesneiravilas.es\/arquivo\/index.php?rest_route=\/wp\/v2\/posts"}],"about":[{"href":"https:\/\/www.iesneiravilas.es\/arquivo\/index.php?rest_route=\/wp\/v2\/types\/post"}],"author":[{"embeddable":true,"href":"https:\/\/www.iesneiravilas.es\/arquivo\/index.php?rest_route=\/wp\/v2\/users\/1"}],"replies":[{"embeddable":true,"href":"https:\/\/www.iesneiravilas.es\/arquivo\/index.php?rest_route=%2Fwp%2Fv2%2Fcomments&post=2775"}],"version-history":[{"count":1,"href":"https:\/\/www.iesneiravilas.es\/arquivo\/index.php?rest_route=\/wp\/v2\/posts\/2775\/revisions"}],"predecessor-version":[{"id":2822,"href":"https:\/\/www.iesneiravilas.es\/arquivo\/index.php?rest_route=\/wp\/v2\/posts\/2775\/revisions\/2822"}],"wp:attachment":[{"href":"https:\/\/www.iesneiravilas.es\/arquivo\/index.php?rest_route=%2Fwp%2Fv2%2Fmedia&parent=2775"}],"wp:term":[{"taxonomy":"category","embeddable":true,"href":"https:\/\/www.iesneiravilas.es\/arquivo\/index.php?rest_route=%2Fwp%2Fv2%2Fcategories&post=2775"},{"taxonomy":"post_tag","embeddable":true,"href":"https:\/\/www.iesneiravilas.es\/arquivo\/index.php?rest_route=%2Fwp%2Fv2%2Ftags&post=2775"}],"curies":[{"name":"wp","href":"https:\/\/api.w.org\/{rel}","templated":true}]}}