{"id":2777,"date":"2015-04-28T20:56:59","date_gmt":"2015-04-28T18:56:59","guid":{"rendered":"http:\/\/iesneiravilas.es\/?p=1564"},"modified":"2015-09-30T12:41:47","modified_gmt":"2015-09-30T10:41:47","slug":"viaxe-a-serra-do-courel","status":"publish","type":"post","link":"https:\/\/www.iesneiravilas.es\/arquivo\/?p=2777","title":{"rendered":"Viaxe \u00e1 Serra do Courel"},"content":{"rendered":"<p align=\"left\"><span style=\"font-family: Times New Roman,serif;\">Vivir experiencias que permiten ao alumnado crecer como persoas e ampliar os seus co\u00f1ecementos \u00e9 a raz\u00f3n de ser desta actividade na que participaron 20 alumnos e alumnas do 2\u00ba da ESO dentro do programa Aprender na Natureza promovido polo Servizo Municipal de Educaci\u00f3n do Concello de Oleiros.<\/span><\/p>\n<div id='gallery-1' class='gallery galleryid-2777 gallery-columns-3 gallery-size-thumbnail'><figure class='gallery-item'>\n\t\t\t<div class='gallery-icon landscape'>\n\t\t\t\t<a href='https:\/\/www.iesneiravilas.es\/arquivo\/?attachment_id=2890'><img loading=\"lazy\" decoding=\"async\" width=\"150\" height=\"150\" src=\"https:\/\/www.iesneiravilas.es\/arquivo\/wp-content\/uploads\/2015\/04\/01_Cebreiro-150x150.jpg\" class=\"attachment-thumbnail size-thumbnail\" alt=\"Palloza no Cebreiro\" aria-describedby=\"gallery-1-2890\" \/><\/a>\n\t\t\t<\/div>\n\t\t\t\t<figcaption class='wp-caption-text gallery-caption' id='gallery-1-2890'>\n\t\t\t\tPalloza no Cebreiro\n\t\t\t\t<\/figcaption><\/figure><figure class='gallery-item'>\n\t\t\t<div class='gallery-icon landscape'>\n\t\t\t\t<a href='https:\/\/www.iesneiravilas.es\/arquivo\/?attachment_id=2891'><img loading=\"lazy\" decoding=\"async\" width=\"150\" height=\"150\" src=\"https:\/\/www.iesneiravilas.es\/arquivo\/wp-content\/uploads\/2015\/04\/02_FervenzaVieiros-150x150.jpg\" class=\"attachment-thumbnail size-thumbnail\" alt=\"Fervenza de Vieiros\" aria-describedby=\"gallery-1-2891\" \/><\/a>\n\t\t\t<\/div>\n\t\t\t\t<figcaption class='wp-caption-text gallery-caption' id='gallery-1-2891'>\n\t\t\t\tFervenza de Vieiros\n\t\t\t\t<\/figcaption><\/figure><figure class='gallery-item'>\n\t\t\t<div class='gallery-icon landscape'>\n\t\t\t\t<a href='https:\/\/www.iesneiravilas.es\/arquivo\/?attachment_id=2892'><img loading=\"lazy\" decoding=\"async\" width=\"150\" height=\"150\" src=\"https:\/\/www.iesneiravilas.es\/arquivo\/wp-content\/uploads\/2015\/04\/04_P\u00edntega-150x150.jpg\" class=\"attachment-thumbnail size-thumbnail\" alt=\"P\u00edntega\" aria-describedby=\"gallery-1-2892\" \/><\/a>\n\t\t\t<\/div>\n\t\t\t\t<figcaption class='wp-caption-text gallery-caption' id='gallery-1-2892'>\n\t\t\t\tP\u00edntega\n\t\t\t\t<\/figcaption><\/figure><figure class='gallery-item'>\n\t\t\t<div class='gallery-icon landscape'>\n\t\t\t\t<a href='https:\/\/www.iesneiravilas.es\/arquivo\/?attachment_id=2893'><img loading=\"lazy\" decoding=\"async\" width=\"150\" height=\"150\" src=\"https:\/\/www.iesneiravilas.es\/arquivo\/wp-content\/uploads\/2015\/04\/05_CasaNovoneyra_Parada-150x150.jpg\" class=\"attachment-thumbnail size-thumbnail\" alt=\"Na casa de Ux\u00edo Novoneyra\" aria-describedby=\"gallery-1-2893\" \/><\/a>\n\t\t\t<\/div>\n\t\t\t\t<figcaption class='wp-caption-text gallery-caption' id='gallery-1-2893'>\n\t\t\t\tNa casa de Ux\u00edo Novoneyra\n\t\t\t\t<\/figcaption><\/figure><figure class='gallery-item'>\n\t\t\t<div class='gallery-icon landscape'>\n\t\t\t\t<a href='https:\/\/www.iesneiravilas.es\/arquivo\/?attachment_id=2894'><img loading=\"lazy\" decoding=\"async\" width=\"150\" height=\"150\" src=\"https:\/\/www.iesneiravilas.es\/arquivo\/wp-content\/uploads\/2015\/04\/06_Lor_Vilamor-150x150.jpg\" class=\"attachment-thumbnail size-thumbnail\" alt=\"R\u00edo Lor desde Vilamor\" aria-describedby=\"gallery-1-2894\" \/><\/a>\n\t\t\t<\/div>\n\t\t\t\t<figcaption class='wp-caption-text gallery-caption' id='gallery-1-2894'>\n\t\t\t\tR\u00edo Lor desde Vilamor\n\t\t\t\t<\/figcaption><\/figure><figure class='gallery-item'>\n\t\t\t<div class='gallery-icon portrait'>\n\t\t\t\t<a href='https:\/\/www.iesneiravilas.es\/arquivo\/?attachment_id=2895'><img loading=\"lazy\" decoding=\"async\" width=\"150\" height=\"150\" src=\"https:\/\/www.iesneiravilas.es\/arquivo\/wp-content\/uploads\/2015\/04\/07_Lor2-150x150.jpg\" class=\"attachment-thumbnail size-thumbnail\" alt=\"De Vilamor a Vilar\" aria-describedby=\"gallery-1-2895\" \/><\/a>\n\t\t\t<\/div>\n\t\t\t\t<figcaption class='wp-caption-text gallery-caption' id='gallery-1-2895'>\n\t\t\t\tDe Vilamor a Vilar\n\t\t\t\t<\/figcaption><\/figure><figure class='gallery-item'>\n\t\t\t<div class='gallery-icon landscape'>\n\t\t\t\t<a href='https:\/\/www.iesneiravilas.es\/arquivo\/?attachment_id=2896'><img loading=\"lazy\" decoding=\"async\" width=\"150\" height=\"150\" src=\"https:\/\/www.iesneiravilas.es\/arquivo\/wp-content\/uploads\/2015\/04\/07_Lor_PonteDaRastradeira-150x150.jpg\" class=\"attachment-thumbnail size-thumbnail\" alt=\"Ponte da Rastradeira\" aria-describedby=\"gallery-1-2896\" \/><\/a>\n\t\t\t<\/div>\n\t\t\t\t<figcaption class='wp-caption-text gallery-caption' id='gallery-1-2896'>\n\t\t\t\tPonte da Rastradeira\n\t\t\t\t<\/figcaption><\/figure><figure class='gallery-item'>\n\t\t\t<div class='gallery-icon landscape'>\n\t\t\t\t<a href='https:\/\/www.iesneiravilas.es\/arquivo\/?attachment_id=2897'><img loading=\"lazy\" decoding=\"async\" width=\"150\" height=\"150\" src=\"https:\/\/www.iesneiravilas.es\/arquivo\/wp-content\/uploads\/2015\/04\/08_Etno_Vilar-150x150.jpg\" class=\"attachment-thumbnail size-thumbnail\" alt=\"Casa Xan en Vilar\" aria-describedby=\"gallery-1-2897\" \/><\/a>\n\t\t\t<\/div>\n\t\t\t\t<figcaption class='wp-caption-text gallery-caption' id='gallery-1-2897'>\n\t\t\t\tCasa Xan en Vilar\n\t\t\t\t<\/figcaption><\/figure><figure class='gallery-item'>\n\t\t\t<div class='gallery-icon landscape'>\n\t\t\t\t<a href='https:\/\/www.iesneiravilas.es\/arquivo\/?attachment_id=2898'><img loading=\"lazy\" decoding=\"async\" width=\"150\" height=\"150\" src=\"https:\/\/www.iesneiravilas.es\/arquivo\/wp-content\/uploads\/2015\/04\/09_Ferrer\u00eda_Penacoba-150x150.jpg\" class=\"attachment-thumbnail size-thumbnail\" alt=\"Ferreir\u00eda de Penacoba\" aria-describedby=\"gallery-1-2898\" \/><\/a>\n\t\t\t<\/div>\n\t\t\t\t<figcaption class='wp-caption-text gallery-caption' id='gallery-1-2898'>\n\t\t\t\tFerreir\u00eda de Penacoba\n\t\t\t\t<\/figcaption><\/figure><figure class='gallery-item'>\n\t\t\t<div class='gallery-icon landscape'>\n\t\t\t\t<a href='https:\/\/www.iesneiravilas.es\/arquivo\/?attachment_id=2900'><img loading=\"lazy\" decoding=\"async\" width=\"150\" height=\"150\" src=\"https:\/\/www.iesneiravilas.es\/arquivo\/wp-content\/uploads\/2015\/04\/Cova_3-150x150.jpg\" class=\"attachment-thumbnail size-thumbnail\" alt=\"Na cova da Ceza\" aria-describedby=\"gallery-1-2900\" \/><\/a>\n\t\t\t<\/div>\n\t\t\t\t<figcaption class='wp-caption-text gallery-caption' id='gallery-1-2900'>\n\t\t\t\tNa cova da Ceza\n\t\t\t\t<\/figcaption><\/figure><figure class='gallery-item'>\n\t\t\t<div class='gallery-icon landscape'>\n\t\t\t\t<a href='https:\/\/www.iesneiravilas.es\/arquivo\/?attachment_id=2901'><img loading=\"lazy\" decoding=\"async\" width=\"150\" height=\"150\" src=\"https:\/\/www.iesneiravilas.es\/arquivo\/wp-content\/uploads\/2015\/04\/Cova_4-150x150.jpg\" class=\"attachment-thumbnail size-thumbnail\" alt=\"Estalactitas\" aria-describedby=\"gallery-1-2901\" \/><\/a>\n\t\t\t<\/div>\n\t\t\t\t<figcaption class='wp-caption-text gallery-caption' id='gallery-1-2901'>\n\t\t\t\tEstalactitas\n\t\t\t\t<\/figcaption><\/figure>\n\t\t<\/div>\n\n<p align=\"left\"><span style=\"font-family: Times New Roman,serif;\">Tivo lugar do d\u00eda 16 ao 18 de abril conforme a un <a href=\"http:\/\/iesneiravilas.es\/wp-content\/uploads\/2015\/05\/Courel_2015_Prog.jpg\">programa<\/a> que se viu alterado pola chuvia que caeu eses d\u00edas e que obligou facer algunhas modificaci\u00f3ns. A pesar dilo, os obxectivos prantexados cumpl\u00edronse plenamente resultando unhas fermosas xornadas de descuberta nesta espazo \u00fanico e de convivencia entre todos os participantes. <\/span><\/p>\n","protected":false},"excerpt":{"rendered":"<p>Vivir experiencias que permiten ao alumnado crecer como persoas e ampliar os seus co\u00f1ecementos \u00e9 a raz\u00f3n de ser desta actividade na que participaron 20 alumnos e alumnas do 2\u00ba da ESO dentro do programa Aprender na Natureza promovido polo Servizo Municipal de Educaci\u00f3n do Concello de Oleiros. Tivo lugar do d\u00eda 16 ao 18 &hellip; <a href=\"https:\/\/www.iesneiravilas.es\/arquivo\/?p=2777\" class=\"more-link\">Seguir lendo <span class=\"screen-reader-text\">Viaxe \u00e1 Serra do Courel<\/span> <span class=\"meta-nav\">&rarr;<\/span><\/a><\/p>\n","protected":false},"author":1,"featured_media":0,"comment_status":"open","ping_status":"open","sticky":false,"template":"","format":"standard","meta":{"footnotes":""},"categories":[17,706,686],"tags":[],"class_list":["post-2777","post","type-post","status-publish","format-standard","hentry","category-actividades","category-curso-2014-2015","category-excursion"],"_links":{"self":[{"href":"https:\/\/www.iesneiravilas.es\/arquivo\/index.php?rest_route=\/wp\/v2\/posts\/2777","targetHints":{"allow":["GET"]}}],"collection":[{"href":"https:\/\/www.iesneiravilas.es\/arquivo\/index.php?rest_route=\/wp\/v2\/posts"}],"about":[{"href":"https:\/\/www.iesneiravilas.es\/arquivo\/index.php?rest_route=\/wp\/v2\/types\/post"}],"author":[{"embeddable":true,"href":"https:\/\/www.iesneiravilas.es\/arquivo\/index.php?rest_route=\/wp\/v2\/users\/1"}],"replies":[{"embeddable":true,"href":"https:\/\/www.iesneiravilas.es\/arquivo\/index.php?rest_route=%2Fwp%2Fv2%2Fcomments&post=2777"}],"version-history":[{"count":4,"href":"https:\/\/www.iesneiravilas.es\/arquivo\/index.php?rest_route=\/wp\/v2\/posts\/2777\/revisions"}],"predecessor-version":[{"id":2910,"href":"https:\/\/www.iesneiravilas.es\/arquivo\/index.php?rest_route=\/wp\/v2\/posts\/2777\/revisions\/2910"}],"wp:attachment":[{"href":"https:\/\/www.iesneiravilas.es\/arquivo\/index.php?rest_route=%2Fwp%2Fv2%2Fmedia&parent=2777"}],"wp:term":[{"taxonomy":"category","embeddable":true,"href":"https:\/\/www.iesneiravilas.es\/arquivo\/index.php?rest_route=%2Fwp%2Fv2%2Fcategories&post=2777"},{"taxonomy":"post_tag","embeddable":true,"href":"https:\/\/www.iesneiravilas.es\/arquivo\/index.php?rest_route=%2Fwp%2Fv2%2Ftags&post=2777"}],"curies":[{"name":"wp","href":"https:\/\/api.w.org\/{rel}","templated":true}]}}