{"id":2780,"date":"2015-06-04T09:49:49","date_gmt":"2015-06-04T07:49:49","guid":{"rendered":"http:\/\/iesneiravilas.es\/?p=1691"},"modified":"2015-09-26T13:16:06","modified_gmt":"2015-09-26T11:16:06","slug":"ruta-dos-pazos-en-bici","status":"publish","type":"post","link":"https:\/\/www.iesneiravilas.es\/arquivo\/?p=2780","title":{"rendered":"Ruta dos pazos en bici"},"content":{"rendered":"<p><a href=\"http:\/\/iesneiravilas.es\/wp-content\/uploads\/2015\/06\/bicicleta.jpg\"><img loading=\"lazy\" decoding=\"async\" class=\"alignleft wp-image-1692 size-medium\" src=\"http:\/\/iesneiravilas.es\/wp-content\/uploads\/2015\/06\/bicicleta-300x225.jpg\" alt=\"bicicleta\" width=\"300\" height=\"225\" \/><\/a>Organizado polo departamento de Normalizaci\u00f3n Ling\u00fc\u00edstica e coa participaci\u00f3n de pais, alumnos e profesorado,\u00a0 o d\u00eda 13 de xu\u00f1o, realizouse a &#8220;Ruta dos pazos en bici&#8221; .\u00a0 Visitamos\u00a0\u00a0 os\u00a0 pazos de L\u00f3ngora, Franzomel, Xaz, Miraflores e Montrove (Pazo Do R\u00edo).<\/p>\n<p>Os participantes disfrutaron do percorrido e do bon tempo sen m\u00e1is incidentes que alg\u00fan pinchazo e co desexo de repetilo en pr\u00f3ximos cursos.<\/p>\n","protected":false},"excerpt":{"rendered":"<p>Organizado polo departamento de Normalizaci\u00f3n Ling\u00fc\u00edstica e coa participaci\u00f3n de pais, alumnos e profesorado,\u00a0 o d\u00eda 13 de xu\u00f1o, realizouse a &#8220;Ruta dos pazos en bici&#8221; .\u00a0 Visitamos\u00a0\u00a0 os\u00a0 pazos de L\u00f3ngora, Franzomel, Xaz, Miraflores e Montrove (Pazo Do R\u00edo). Os participantes disfrutaron do percorrido e do bon tempo sen m\u00e1is incidentes que alg\u00fan pinchazo &hellip; <a href=\"https:\/\/www.iesneiravilas.es\/arquivo\/?p=2780\" class=\"more-link\">Seguir lendo <span class=\"screen-reader-text\">Ruta dos pazos en bici<\/span> <span class=\"meta-nav\">&rarr;<\/span><\/a><\/p>\n","protected":false},"author":1,"featured_media":0,"comment_status":"open","ping_status":"open","sticky":false,"template":"","format":"standard","meta":{"footnotes":""},"categories":[17,706,686],"tags":[],"class_list":["post-2780","post","type-post","status-publish","format-standard","hentry","category-actividades","category-curso-2014-2015","category-excursion"],"_links":{"self":[{"href":"https:\/\/www.iesneiravilas.es\/arquivo\/index.php?rest_route=\/wp\/v2\/posts\/2780","targetHints":{"allow":["GET"]}}],"collection":[{"href":"https:\/\/www.iesneiravilas.es\/arquivo\/index.php?rest_route=\/wp\/v2\/posts"}],"about":[{"href":"https:\/\/www.iesneiravilas.es\/arquivo\/index.php?rest_route=\/wp\/v2\/types\/post"}],"author":[{"embeddable":true,"href":"https:\/\/www.iesneiravilas.es\/arquivo\/index.php?rest_route=\/wp\/v2\/users\/1"}],"replies":[{"embeddable":true,"href":"https:\/\/www.iesneiravilas.es\/arquivo\/index.php?rest_route=%2Fwp%2Fv2%2Fcomments&post=2780"}],"version-history":[{"count":1,"href":"https:\/\/www.iesneiravilas.es\/arquivo\/index.php?rest_route=\/wp\/v2\/posts\/2780\/revisions"}],"predecessor-version":[{"id":2819,"href":"https:\/\/www.iesneiravilas.es\/arquivo\/index.php?rest_route=\/wp\/v2\/posts\/2780\/revisions\/2819"}],"wp:attachment":[{"href":"https:\/\/www.iesneiravilas.es\/arquivo\/index.php?rest_route=%2Fwp%2Fv2%2Fmedia&parent=2780"}],"wp:term":[{"taxonomy":"category","embeddable":true,"href":"https:\/\/www.iesneiravilas.es\/arquivo\/index.php?rest_route=%2Fwp%2Fv2%2Fcategories&post=2780"},{"taxonomy":"post_tag","embeddable":true,"href":"https:\/\/www.iesneiravilas.es\/arquivo\/index.php?rest_route=%2Fwp%2Fv2%2Ftags&post=2780"}],"curies":[{"name":"wp","href":"https:\/\/api.w.org\/{rel}","templated":true}]}}