{"id":2781,"date":"2015-06-06T10:04:34","date_gmt":"2015-06-06T08:04:34","guid":{"rendered":"http:\/\/iesneiravilas.es\/?p=1701"},"modified":"2015-10-12T14:21:40","modified_gmt":"2015-10-12T12:21:40","slug":"graduacion-2015","status":"publish","type":"post","link":"https:\/\/www.iesneiravilas.es\/arquivo\/?p=2781","title":{"rendered":"Graduaci\u00f3n 2015"},"content":{"rendered":"<figure id=\"attachment_1748\" aria-describedby=\"caption-attachment-1748\" style=\"width: 300px\" class=\"wp-caption alignleft\"><a href=\"http:\/\/iesneiravilas.es\/wp-content\/uploads\/2014\/09\/orla_iesp_neira_vilas_14_15.jpg\"><img loading=\"lazy\" decoding=\"async\" class=\"size-medium wp-image-1748\" src=\"http:\/\/iesneiravilas.es\/wp-content\/uploads\/2014\/09\/orla_iesp_neira_vilas_14_15-300x218.jpg\" alt=\"Orla 2014-2015\" width=\"300\" height=\"218\" \/><\/a><figcaption id=\"caption-attachment-1748\" class=\"wp-caption-text\">Orla 2014-2015<\/figcaption><\/figure>\n<p>O venres 29 de maio celebrouse no noso centro a graduaci\u00f3n do alumnado de segundo de Bacharelato. Ao acto asistiu o alumnado, as s\u00faas familias, representantes da comunidade educativa e a Concelleira de Deportes, Turismo e Formaci\u00f3n e Emprego do Concello de Oleiros, Teresa V\u00e1zquez Maseda. A xornada comezou coa recepci\u00f3n das familias na entrada do centro para pesar posteriormente ao sal\u00f3n de actos onde despois da presentaci\u00f3n\u00a0 por parte do director Agust\u00edn Fern\u00e1ndez Gago falaron a concelleira Teresa V\u00e1zquez Maseda en representaci\u00f3n do Concello, a profesora de ingl\u00e9s, Warinca Arce Gonz\u00e1lez en representaci\u00f3n do profesorado, Eduardo Blanco Pereira, pai de Ant\u00f3n Blanco, en representaci\u00f3n das familias e Andrea Docampo S\u00e1nchez e Ant\u00f3n Blanco Rey en representaci\u00f3n do alumnado. Acto seguido, o titor do grupo Jorge\u00a0 Calle L\u00f3pez e a profesora de ingl\u00e9s Warinca Arce Gonzalez\u00a0 fixeron entrega ao alumnado dun diploma conmemorativo e unha memoria USB cun v\u00eddeo que recorda o seu paso polo centro. A foto de grupo e a visualizaci\u00f3n do v\u00eddeo dou paso \u00e1 tradicional plantaci\u00f3n da arbore, un gingko, nos xard\u00edns do instituto. Un pequeno \u00e1gape conclu\u00edu a xornada no centro. O alumnado e o profesorado compartiron posteriormente unha cea nun restaurante de Santa Cristina .<\/p>\n<div id='gallery-1' class='gallery galleryid-2781 gallery-columns-3 gallery-size-thumbnail'><figure class='gallery-item'>\n\t\t\t<div class='gallery-icon landscape'>\n\t\t\t\t<a href='https:\/\/www.iesneiravilas.es\/arquivo\/?attachment_id=2857'><img loading=\"lazy\" decoding=\"async\" width=\"150\" height=\"150\" src=\"https:\/\/www.iesneiravilas.es\/arquivo\/wp-content\/uploads\/2015\/06\/graduacion_2015_000-150x150.jpg\" class=\"attachment-thumbnail size-thumbnail\" alt=\"Os profesores Jorge Calle e Warinca Arce entregaron os diplomas\" aria-describedby=\"gallery-1-2857\" \/><\/a>\n\t\t\t<\/div>\n\t\t\t\t<figcaption class='wp-caption-text gallery-caption' id='gallery-1-2857'>\n\t\t\t\tOs profesores Jorge Calle e Warinca Arce entregaron os diplomas\n\t\t\t\t<\/figcaption><\/figure><figure class='gallery-item'>\n\t\t\t<div class='gallery-icon landscape'>\n\t\t\t\t<a href='https:\/\/www.iesneiravilas.es\/arquivo\/?attachment_id=2858'><img loading=\"lazy\" decoding=\"async\" width=\"150\" height=\"150\" src=\"https:\/\/www.iesneiravilas.es\/arquivo\/wp-content\/uploads\/2015\/06\/graduacion_2015_006-150x150.jpg\" class=\"attachment-thumbnail size-thumbnail\" alt=\"Javier, Nicole, Yilena, Tiago, Ant\u00f3n, Alberto e Adri\u00e1n\" aria-describedby=\"gallery-1-2858\" \/><\/a>\n\t\t\t<\/div>\n\t\t\t\t<figcaption class='wp-caption-text gallery-caption' id='gallery-1-2858'>\n\t\t\t\tJavier, Nicole, Yilena, Tiago, Ant\u00f3n, Alberto e Adri\u00e1n\n\t\t\t\t<\/figcaption><\/figure><figure class='gallery-item'>\n\t\t\t<div class='gallery-icon landscape'>\n\t\t\t\t<a href='https:\/\/www.iesneiravilas.es\/arquivo\/?attachment_id=2860'><img loading=\"lazy\" decoding=\"async\" width=\"150\" height=\"150\" src=\"https:\/\/www.iesneiravilas.es\/arquivo\/wp-content\/uploads\/2015\/06\/graduacion_2015_018-150x150.jpg\" class=\"attachment-thumbnail size-thumbnail\" alt=\"Nuria, Eva, Carmelina, D\u00e1maris, Gema, Andrea, Laura e Nicole\" aria-describedby=\"gallery-1-2860\" \/><\/a>\n\t\t\t<\/div>\n\t\t\t\t<figcaption class='wp-caption-text gallery-caption' id='gallery-1-2860'>\n\t\t\t\tNuria, Eva, Carmelina, D\u00e1maris, Gema, Andrea, Laura e Nicole\n\t\t\t\t<\/figcaption><\/figure><figure class='gallery-item'>\n\t\t\t<div class='gallery-icon landscape'>\n\t\t\t\t<a href='https:\/\/www.iesneiravilas.es\/arquivo\/?attachment_id=2861'><img loading=\"lazy\" decoding=\"async\" width=\"150\" height=\"150\" src=\"https:\/\/www.iesneiravilas.es\/arquivo\/wp-content\/uploads\/2015\/06\/graduacion_2015_022-150x150.jpg\" class=\"attachment-thumbnail size-thumbnail\" alt=\"Irea, Nuria, Carmelina, Alba, D\u00e1maris, Andrea e Laura\" aria-describedby=\"gallery-1-2861\" \/><\/a>\n\t\t\t<\/div>\n\t\t\t\t<figcaption class='wp-caption-text gallery-caption' id='gallery-1-2861'>\n\t\t\t\tIrea, Nuria, Carmelina, Alba, D\u00e1maris, Andrea e Laura\n\t\t\t\t<\/figcaption><\/figure><figure class='gallery-item'>\n\t\t\t<div class='gallery-icon landscape'>\n\t\t\t\t<a href='https:\/\/www.iesneiravilas.es\/arquivo\/?attachment_id=2862'><img loading=\"lazy\" decoding=\"async\" width=\"150\" height=\"150\" src=\"https:\/\/www.iesneiravilas.es\/arquivo\/wp-content\/uploads\/2015\/06\/graduacion_2015_027-150x150.jpg\" class=\"attachment-thumbnail size-thumbnail\" alt=\"Adri\u00e1n, Ant\u00f3n, Jorge e Mart\u00edn\" aria-describedby=\"gallery-1-2862\" \/><\/a>\n\t\t\t<\/div>\n\t\t\t\t<figcaption class='wp-caption-text gallery-caption' id='gallery-1-2862'>\n\t\t\t\tAdri\u00e1n, Ant\u00f3n, Jorge e Mart\u00edn\n\t\t\t\t<\/figcaption><\/figure><figure class='gallery-item'>\n\t\t\t<div class='gallery-icon landscape'>\n\t\t\t\t<a href='https:\/\/www.iesneiravilas.es\/arquivo\/?attachment_id=2863'><img loading=\"lazy\" decoding=\"async\" width=\"150\" height=\"150\" src=\"https:\/\/www.iesneiravilas.es\/arquivo\/wp-content\/uploads\/2015\/06\/graduacion_2015_029-150x150.jpg\" class=\"attachment-thumbnail size-thumbnail\" alt=\"Eva, Andrea, D\u00e1maris, Carlos, Laura, Irea, Nuria e Nicole\" aria-describedby=\"gallery-1-2863\" \/><\/a>\n\t\t\t<\/div>\n\t\t\t\t<figcaption class='wp-caption-text gallery-caption' id='gallery-1-2863'>\n\t\t\t\tEva, Andrea, D\u00e1maris, Carlos, Laura, Irea, Nuria e Nicole\n\t\t\t\t<\/figcaption><\/figure><figure class='gallery-item'>\n\t\t\t<div class='gallery-icon portrait'>\n\t\t\t\t<a href='https:\/\/www.iesneiravilas.es\/arquivo\/?attachment_id=2864'><img loading=\"lazy\" decoding=\"async\" width=\"150\" height=\"150\" src=\"https:\/\/www.iesneiravilas.es\/arquivo\/wp-content\/uploads\/2015\/06\/graduacion_2015_033-150x150.jpg\" class=\"attachment-thumbnail size-thumbnail\" alt=\"Erik e Sergio\" aria-describedby=\"gallery-1-2864\" \/><\/a>\n\t\t\t<\/div>\n\t\t\t\t<figcaption class='wp-caption-text gallery-caption' id='gallery-1-2864'>\n\t\t\t\tErik e Sergio\n\t\t\t\t<\/figcaption><\/figure><figure class='gallery-item'>\n\t\t\t<div class='gallery-icon portrait'>\n\t\t\t\t<a href='https:\/\/www.iesneiravilas.es\/arquivo\/?attachment_id=2865'><img loading=\"lazy\" decoding=\"async\" width=\"150\" height=\"150\" src=\"https:\/\/www.iesneiravilas.es\/arquivo\/wp-content\/uploads\/2015\/06\/graduacion_2015_037-150x150.jpg\" class=\"attachment-thumbnail size-thumbnail\" alt=\"Sergio e Mar\u00eda\" aria-describedby=\"gallery-1-2865\" \/><\/a>\n\t\t\t<\/div>\n\t\t\t\t<figcaption class='wp-caption-text gallery-caption' id='gallery-1-2865'>\n\t\t\t\tSergio e Mar\u00eda\n\t\t\t\t<\/figcaption><\/figure><figure class='gallery-item'>\n\t\t\t<div class='gallery-icon landscape'>\n\t\t\t\t<a href='https:\/\/www.iesneiravilas.es\/arquivo\/?attachment_id=2866'><img loading=\"lazy\" decoding=\"async\" width=\"150\" height=\"150\" src=\"https:\/\/www.iesneiravilas.es\/arquivo\/wp-content\/uploads\/2015\/06\/graduacion_2015_038-150x150.jpg\" class=\"attachment-thumbnail size-thumbnail\" alt=\"Recepci\u00f3n das familias\" aria-describedby=\"gallery-1-2866\" \/><\/a>\n\t\t\t<\/div>\n\t\t\t\t<figcaption class='wp-caption-text gallery-caption' id='gallery-1-2866'>\n\t\t\t\tRecepci\u00f3n das familias\n\t\t\t\t<\/figcaption><\/figure><figure class='gallery-item'>\n\t\t\t<div class='gallery-icon landscape'>\n\t\t\t\t<a href='https:\/\/www.iesneiravilas.es\/arquivo\/?attachment_id=2867'><img loading=\"lazy\" decoding=\"async\" width=\"150\" height=\"150\" src=\"https:\/\/www.iesneiravilas.es\/arquivo\/wp-content\/uploads\/2015\/06\/graduacion_2015_046-150x150.jpg\" class=\"attachment-thumbnail size-thumbnail\" alt=\"A Concelleira Teresa V\u00e1zquez Maseda\" aria-describedby=\"gallery-1-2867\" \/><\/a>\n\t\t\t<\/div>\n\t\t\t\t<figcaption class='wp-caption-text gallery-caption' id='gallery-1-2867'>\n\t\t\t\tA Concelleira Teresa V\u00e1zquez Maseda\n\t\t\t\t<\/figcaption><\/figure><figure class='gallery-item'>\n\t\t\t<div class='gallery-icon landscape'>\n\t\t\t\t<a href='https:\/\/www.iesneiravilas.es\/arquivo\/?attachment_id=2868'><img loading=\"lazy\" decoding=\"async\" width=\"150\" height=\"150\" src=\"https:\/\/www.iesneiravilas.es\/arquivo\/wp-content\/uploads\/2015\/06\/graduacion_2015_049-150x150.jpg\" class=\"attachment-thumbnail size-thumbnail\" alt=\"A profesora de ingl\u00e9s Warinca Arce Gonzalez\" aria-describedby=\"gallery-1-2868\" \/><\/a>\n\t\t\t<\/div>\n\t\t\t\t<figcaption class='wp-caption-text gallery-caption' id='gallery-1-2868'>\n\t\t\t\tA profesora de ingl\u00e9s Warinca Arce Gonzalez\n\t\t\t\t<\/figcaption><\/figure><figure class='gallery-item'>\n\t\t\t<div class='gallery-icon landscape'>\n\t\t\t\t<a href='https:\/\/www.iesneiravilas.es\/arquivo\/?attachment_id=2869'><img loading=\"lazy\" decoding=\"async\" width=\"150\" height=\"150\" src=\"https:\/\/www.iesneiravilas.es\/arquivo\/wp-content\/uploads\/2015\/06\/graduacion_2015_051-150x150.jpg\" class=\"attachment-thumbnail size-thumbnail\" alt=\"O pai de Anton, Eduardo Blanco Pereira\" aria-describedby=\"gallery-1-2869\" \/><\/a>\n\t\t\t<\/div>\n\t\t\t\t<figcaption class='wp-caption-text gallery-caption' id='gallery-1-2869'>\n\t\t\t\tO pai de Anton, Eduardo Blanco Pereira\n\t\t\t\t<\/figcaption><\/figure><figure class='gallery-item'>\n\t\t\t<div class='gallery-icon landscape'>\n\t\t\t\t<a href='https:\/\/www.iesneiravilas.es\/arquivo\/?attachment_id=2870'><img loading=\"lazy\" decoding=\"async\" width=\"150\" height=\"150\" src=\"https:\/\/www.iesneiravilas.es\/arquivo\/wp-content\/uploads\/2015\/06\/graduacion_2015_052-150x150.jpg\" class=\"attachment-thumbnail size-thumbnail\" alt=\"Os alumnos Ant\u00f3n Blanco Rey e Andrea Docampo S\u00e1nchez\" aria-describedby=\"gallery-1-2870\" \/><\/a>\n\t\t\t<\/div>\n\t\t\t\t<figcaption class='wp-caption-text gallery-caption' id='gallery-1-2870'>\n\t\t\t\tOs alumnos Ant\u00f3n Blanco Rey e Andrea Docampo S\u00e1nchez\n\t\t\t\t<\/figcaption><\/figure><figure class='gallery-item'>\n\t\t\t<div class='gallery-icon landscape'>\n\t\t\t\t<a href='https:\/\/www.iesneiravilas.es\/arquivo\/?attachment_id=2871'><img loading=\"lazy\" decoding=\"async\" width=\"150\" height=\"150\" src=\"https:\/\/www.iesneiravilas.es\/arquivo\/wp-content\/uploads\/2015\/06\/graduacion_2015_085-150x150.jpg\" class=\"attachment-thumbnail size-thumbnail\" alt=\"No sal\u00f3n actos de actos\" aria-describedby=\"gallery-1-2871\" \/><\/a>\n\t\t\t<\/div>\n\t\t\t\t<figcaption class='wp-caption-text gallery-caption' id='gallery-1-2871'>\n\t\t\t\tNo sal\u00f3n actos de actos\n\t\t\t\t<\/figcaption><\/figure><figure class='gallery-item'>\n\t\t\t<div class='gallery-icon landscape'>\n\t\t\t\t<a href='https:\/\/www.iesneiravilas.es\/arquivo\/?attachment_id=2872'><img loading=\"lazy\" decoding=\"async\" width=\"150\" height=\"150\" src=\"https:\/\/www.iesneiravilas.es\/arquivo\/wp-content\/uploads\/2015\/06\/graduacion_2015_103-150x150.jpg\" class=\"attachment-thumbnail size-thumbnail\" alt=\"Entrega de diplomas de mediaci\u00f3n\" aria-describedby=\"gallery-1-2872\" \/><\/a>\n\t\t\t<\/div>\n\t\t\t\t<figcaption class='wp-caption-text gallery-caption' id='gallery-1-2872'>\n\t\t\t\tEntrega de diplomas de mediaci\u00f3n\n\t\t\t\t<\/figcaption><\/figure><figure class='gallery-item'>\n\t\t\t<div class='gallery-icon landscape'>\n\t\t\t\t<a href='https:\/\/www.iesneiravilas.es\/arquivo\/?attachment_id=2873'><img loading=\"lazy\" decoding=\"async\" width=\"150\" height=\"150\" src=\"https:\/\/www.iesneiravilas.es\/arquivo\/wp-content\/uploads\/2015\/06\/graduacion_2015_112-150x150.jpg\" class=\"attachment-thumbnail size-thumbnail\" alt=\"O alumnado de segundo de bacharelato\" aria-describedby=\"gallery-1-2873\" \/><\/a>\n\t\t\t<\/div>\n\t\t\t\t<figcaption class='wp-caption-text gallery-caption' id='gallery-1-2873'>\n\t\t\t\tO alumnado de segundo de bacharelato\n\t\t\t\t<\/figcaption><\/figure><figure class='gallery-item'>\n\t\t\t<div class='gallery-icon landscape'>\n\t\t\t\t<a href='https:\/\/www.iesneiravilas.es\/arquivo\/?attachment_id=2874'><img loading=\"lazy\" decoding=\"async\" width=\"150\" height=\"150\" src=\"https:\/\/www.iesneiravilas.es\/arquivo\/wp-content\/uploads\/2015\/06\/graduacion_2015_119-150x150.jpg\" class=\"attachment-thumbnail size-thumbnail\" alt=\"O alumnado de segundo de bacharelato\" aria-describedby=\"gallery-1-2874\" \/><\/a>\n\t\t\t<\/div>\n\t\t\t\t<figcaption class='wp-caption-text gallery-caption' id='gallery-1-2874'>\n\t\t\t\tO alumnado de segundo de bacharelato\n\t\t\t\t<\/figcaption><\/figure><figure class='gallery-item'>\n\t\t\t<div class='gallery-icon landscape'>\n\t\t\t\t<a href='https:\/\/www.iesneiravilas.es\/arquivo\/?attachment_id=2875'><img loading=\"lazy\" decoding=\"async\" width=\"150\" height=\"150\" src=\"https:\/\/www.iesneiravilas.es\/arquivo\/wp-content\/uploads\/2015\/06\/graduacion_2015_123-150x150.jpg\" class=\"attachment-thumbnail size-thumbnail\" alt=\"O director Agust\u00edn Fern\u00e1ndez Gago pecha o acto\" aria-describedby=\"gallery-1-2875\" \/><\/a>\n\t\t\t<\/div>\n\t\t\t\t<figcaption class='wp-caption-text gallery-caption' id='gallery-1-2875'>\n\t\t\t\tO director Agust\u00edn Fern\u00e1ndez Gago pecha o acto\n\t\t\t\t<\/figcaption><\/figure><figure class='gallery-item'>\n\t\t\t<div class='gallery-icon landscape'>\n\t\t\t\t<a href='https:\/\/www.iesneiravilas.es\/arquivo\/?attachment_id=2876'><img loading=\"lazy\" decoding=\"async\" width=\"150\" height=\"150\" src=\"https:\/\/www.iesneiravilas.es\/arquivo\/wp-content\/uploads\/2015\/06\/graduacion_2015_132-150x150.jpg\" class=\"attachment-thumbnail size-thumbnail\" alt=\"A plantaci\u00f3n da \u00e1rbore\" aria-describedby=\"gallery-1-2876\" \/><\/a>\n\t\t\t<\/div>\n\t\t\t\t<figcaption class='wp-caption-text gallery-caption' id='gallery-1-2876'>\n\t\t\t\tA plantaci\u00f3n da \u00e1rbore\n\t\t\t\t<\/figcaption><\/figure><figure class='gallery-item'>\n\t\t\t<div class='gallery-icon portrait'>\n\t\t\t\t<a href='https:\/\/www.iesneiravilas.es\/arquivo\/?attachment_id=2877'><img loading=\"lazy\" decoding=\"async\" width=\"150\" height=\"150\" src=\"https:\/\/www.iesneiravilas.es\/arquivo\/wp-content\/uploads\/2015\/06\/graduacion_2015_143-150x150.jpg\" class=\"attachment-thumbnail size-thumbnail\" alt=\"Eduardo, Ram\u00f3n e Nacho\" aria-describedby=\"gallery-1-2877\" \/><\/a>\n\t\t\t<\/div>\n\t\t\t\t<figcaption class='wp-caption-text gallery-caption' id='gallery-1-2877'>\n\t\t\t\tEduardo, Ram\u00f3n e Nacho\n\t\t\t\t<\/figcaption><\/figure><figure class='gallery-item'>\n\t\t\t<div class='gallery-icon landscape'>\n\t\t\t\t<a href='https:\/\/www.iesneiravilas.es\/arquivo\/?attachment_id=2878'><img loading=\"lazy\" decoding=\"async\" width=\"150\" height=\"150\" src=\"https:\/\/www.iesneiravilas.es\/arquivo\/wp-content\/uploads\/2015\/06\/graduacion_2015_144-150x150.jpg\" class=\"attachment-thumbnail size-thumbnail\" alt=\"Jes\u00fas, Fernando, Iolanda, Antonio, Ana e Isabel\" aria-describedby=\"gallery-1-2878\" \/><\/a>\n\t\t\t<\/div>\n\t\t\t\t<figcaption class='wp-caption-text gallery-caption' id='gallery-1-2878'>\n\t\t\t\tJes\u00fas, Fernando, Iolanda, Antonio, Ana e Isabel\n\t\t\t\t<\/figcaption><\/figure><figure class='gallery-item'>\n\t\t\t<div class='gallery-icon landscape'>\n\t\t\t\t<a href='https:\/\/www.iesneiravilas.es\/arquivo\/?attachment_id=2879'><img loading=\"lazy\" decoding=\"async\" width=\"150\" height=\"150\" src=\"https:\/\/www.iesneiravilas.es\/arquivo\/wp-content\/uploads\/2015\/06\/graduacion_2015_148-150x150.jpg\" class=\"attachment-thumbnail size-thumbnail\" alt=\"Adri\u00e1n, Alberto, Nicole, Antonio, Carmelina e Javier\" aria-describedby=\"gallery-1-2879\" \/><\/a>\n\t\t\t<\/div>\n\t\t\t\t<figcaption class='wp-caption-text gallery-caption' id='gallery-1-2879'>\n\t\t\t\tAdri\u00e1n, Alberto, Nicole, Antonio, Carmelina e Javier\n\t\t\t\t<\/figcaption><\/figure><figure class='gallery-item'>\n\t\t\t<div class='gallery-icon landscape'>\n\t\t\t\t<a href='https:\/\/www.iesneiravilas.es\/arquivo\/?attachment_id=2880'><img loading=\"lazy\" decoding=\"async\" width=\"150\" height=\"150\" src=\"https:\/\/www.iesneiravilas.es\/arquivo\/wp-content\/uploads\/2015\/06\/graduacion_2015_152-150x150.jpg\" class=\"attachment-thumbnail size-thumbnail\" alt=\"O \u00e1gape final\" aria-describedby=\"gallery-1-2880\" \/><\/a>\n\t\t\t<\/div>\n\t\t\t\t<figcaption class='wp-caption-text gallery-caption' id='gallery-1-2880'>\n\t\t\t\tO \u00e1gape final\n\t\t\t\t<\/figcaption><\/figure><figure class='gallery-item'>\n\t\t\t<div class='gallery-icon landscape'>\n\t\t\t\t<a href='https:\/\/www.iesneiravilas.es\/arquivo\/?attachment_id=2859'><img loading=\"lazy\" decoding=\"async\" width=\"150\" height=\"150\" src=\"https:\/\/www.iesneiravilas.es\/arquivo\/wp-content\/uploads\/2015\/06\/graduacion_2015_012-150x150.jpg\" class=\"attachment-thumbnail size-thumbnail\" alt=\"Irea, Maite, Tiago, Nuria, Laura e D\u00e1maris\" aria-describedby=\"gallery-1-2859\" \/><\/a>\n\t\t\t<\/div>\n\t\t\t\t<figcaption class='wp-caption-text gallery-caption' id='gallery-1-2859'>\n\t\t\t\tIrea, Maite, Tiago, Nuria, Laura e D\u00e1maris\n\t\t\t\t<\/figcaption><\/figure>\n\t\t<\/div>\n\n","protected":false},"excerpt":{"rendered":"<p>O venres 29 de maio celebrouse no noso centro a graduaci\u00f3n do alumnado de segundo de Bacharelato. Ao acto asistiu o alumnado, as s\u00faas familias, representantes da comunidade educativa e a Concelleira de Deportes, Turismo e Formaci\u00f3n e Emprego do Concello de Oleiros, Teresa V\u00e1zquez Maseda. A xornada comezou coa recepci\u00f3n das familias na entrada &hellip; <a href=\"https:\/\/www.iesneiravilas.es\/arquivo\/?p=2781\" class=\"more-link\">Seguir lendo <span class=\"screen-reader-text\">Graduaci\u00f3n 2015<\/span> <span class=\"meta-nav\">&rarr;<\/span><\/a><\/p>\n","protected":false},"author":1,"featured_media":0,"comment_status":"open","ping_status":"open","sticky":false,"template":"","format":"standard","meta":{"footnotes":""},"categories":[85,645,706,144],"tags":[700,701,73,702,504,703,285],"class_list":["post-2781","post","type-post","status-publish","format-standard","hentry","category-alumnado","category-alumnos","category-curso-2014-2015","category-graduacion","tag-agustin-fernandez","tag-andrea-docampo","tag-anton-blanco","tag-eduardo-blanco-pereira","tag-jorge-calle","tag-teresa-vazquez-maseda","tag-warinca-arce"],"_links":{"self":[{"href":"https:\/\/www.iesneiravilas.es\/arquivo\/index.php?rest_route=\/wp\/v2\/posts\/2781","targetHints":{"allow":["GET"]}}],"collection":[{"href":"https:\/\/www.iesneiravilas.es\/arquivo\/index.php?rest_route=\/wp\/v2\/posts"}],"about":[{"href":"https:\/\/www.iesneiravilas.es\/arquivo\/index.php?rest_route=\/wp\/v2\/types\/post"}],"author":[{"embeddable":true,"href":"https:\/\/www.iesneiravilas.es\/arquivo\/index.php?rest_route=\/wp\/v2\/users\/1"}],"replies":[{"embeddable":true,"href":"https:\/\/www.iesneiravilas.es\/arquivo\/index.php?rest_route=%2Fwp%2Fv2%2Fcomments&post=2781"}],"version-history":[{"count":7,"href":"https:\/\/www.iesneiravilas.es\/arquivo\/index.php?rest_route=\/wp\/v2\/posts\/2781\/revisions"}],"predecessor-version":[{"id":2964,"href":"https:\/\/www.iesneiravilas.es\/arquivo\/index.php?rest_route=\/wp\/v2\/posts\/2781\/revisions\/2964"}],"wp:attachment":[{"href":"https:\/\/www.iesneiravilas.es\/arquivo\/index.php?rest_route=%2Fwp%2Fv2%2Fmedia&parent=2781"}],"wp:term":[{"taxonomy":"category","embeddable":true,"href":"https:\/\/www.iesneiravilas.es\/arquivo\/index.php?rest_route=%2Fwp%2Fv2%2Fcategories&post=2781"},{"taxonomy":"post_tag","embeddable":true,"href":"https:\/\/www.iesneiravilas.es\/arquivo\/index.php?rest_route=%2Fwp%2Fv2%2Ftags&post=2781"}],"curies":[{"name":"wp","href":"https:\/\/api.w.org\/{rel}","templated":true}]}}