{"id":2782,"date":"2015-06-21T18:02:18","date_gmt":"2015-06-21T16:02:18","guid":{"rendered":"http:\/\/iesneiravilas.es\/?p=1776"},"modified":"2015-09-26T13:16:06","modified_gmt":"2015-09-26T11:16:06","slug":"sostible","status":"publish","type":"post","link":"https:\/\/www.iesneiravilas.es\/arquivo\/?p=2782","title":{"rendered":"Sostible"},"content":{"rendered":"<figure id=\"attachment_1772\" aria-describedby=\"caption-attachment-1772\" style=\"width: 300px\" class=\"wp-caption alignleft\"><a href=\"http:\/\/iesneiravilas.es\/wp-content\/uploads\/2014\/09\/sostible_1.jpg\"><img loading=\"lazy\" decoding=\"async\" class=\"size-medium wp-image-1772\" src=\"http:\/\/iesneiravilas.es\/wp-content\/uploads\/2014\/09\/sostible_1-300x185.jpg\" alt=\"Sostible\" width=\"300\" height=\"185\" \/><\/a><figcaption id=\"caption-attachment-1772\" class=\"wp-caption-text\">Sostible<\/figcaption><\/figure>\n<p>O 19 de xu\u00f1o, como finalizaci\u00f3n do curso acad\u00e9mico, o IESP puxo en escena a <em>performance<\/em> &#8220;Sostible&#8221;, Proxecto de Biblioteca no que se traballou durante o \u00faltimo trimestre por parte de m\u00e1is do 40% do profesorado do centro educativo. Contou coa participaci\u00f3n directa de m\u00e1is de 50 alumnas e alumnos dos diversos niveis e volveu amosar unha estreita colaboraci\u00f3n alumnado-profesorado, da que temos a ben facer gala neste instituto.<\/p>\n<figure id=\"attachment_1773\" aria-describedby=\"caption-attachment-1773\" style=\"width: 300px\" class=\"wp-caption alignleft\"><a href=\"http:\/\/iesneiravilas.es\/wp-content\/uploads\/2014\/09\/sostible_2.jpg\"><img loading=\"lazy\" decoding=\"async\" class=\"size-medium wp-image-1773\" src=\"http:\/\/iesneiravilas.es\/wp-content\/uploads\/2014\/09\/sostible_2-300x222.jpg\" alt=\"Sostible\" width=\"300\" height=\"222\" \/><\/a><figcaption id=\"caption-attachment-1773\" class=\"wp-caption-text\">Sostible<\/figcaption><\/figure>\n<p>Grazas a tod@s pola vosa participaci\u00f3n e bo ver\u00e1n.<\/p>\n<p>Olla algunha actuaci\u00f3n, por Cortes\u00eda de Carmen Rodr\u00edguez Coronado: Luc\u00eda e Xoan [<a href=\"https:\/\/www.dropbox.com\/s\/de96c36xd3f23tg\/VID-20150620-WA0002%5B1%5D.mp4?dl=0&amp;s=sl\" target=\"_blank\">1<\/a>, <a href=\"https:\/\/www.dropbox.com\/s\/r5ws6idn546bqwz\/VID-20150620-WA0004%5B1%5D.mp4?dl=0&amp;s=sl\" target=\"_blank\">2<\/a>]; <a href=\"https:\/\/www.dropbox.com\/s\/2eubyde4cea8bmy\/VID-20150620-WA0003%5B1%5D.mp4?dl=0&amp;s=sl\" target=\"_blank\">outro alumnado de 4\u00ba ESO<\/a>; <a href=\"https:\/\/www.dropbox.com\/s\/c0r6964hqbv13qw\/VID-20150620-WA0000%5B1%5D.mp4?dl=0&amp;s=sl\" target=\"_blank\">Ant\u00f3n, Laura e Marta<\/a>.<\/p>\n<p>Olla o <a href=\"https:\/\/www.dropbox.com\/s\/an3wnwo9ltbwcdp\/medio_ambiente_alumnado.mp4?dl=0&amp;s=sl\" target=\"_blank\">v\u00eddeo de consellos ecol\u00f3xicos do alumnado de 1\u00ba ESO<\/a> e o <a href=\"https:\/\/www.dropbox.com\/s\/3vu3xac9pwod4cz\/video_davi3.mp4?dl=0&amp;s=sl\" target=\"_blank\">v\u00eddeo-poema de Davi Carro<\/a>, alumno de 2\u00ba ESO.<\/p>\n<p>Olla alg\u00fan outro v\u00eddeo <a href=\"https:\/\/xosea.wordpress.com\/2015\/06\/19\/sostible\/\" target=\"_blank\">aqu\u00ed<\/a>.<\/p>\n","protected":false},"excerpt":{"rendered":"<p>O 19 de xu\u00f1o, como finalizaci\u00f3n do curso acad\u00e9mico, o IESP puxo en escena a performance &#8220;Sostible&#8221;, Proxecto de Biblioteca no que se traballou durante o \u00faltimo trimestre por parte de m\u00e1is do 40% do profesorado do centro educativo. Contou coa participaci\u00f3n directa de m\u00e1is de 50 alumnas e alumnos dos diversos niveis e volveu &hellip; <a href=\"https:\/\/www.iesneiravilas.es\/arquivo\/?p=2782\" class=\"more-link\">Seguir lendo <span class=\"screen-reader-text\">Sostible<\/span> <span class=\"meta-nav\">&rarr;<\/span><\/a><\/p>\n","protected":false},"author":1,"featured_media":0,"comment_status":"open","ping_status":"open","sticky":false,"template":"","format":"standard","meta":{"footnotes":""},"categories":[17,643,142,706,695,644],"tags":[532,707,704],"class_list":["post-2782","post","type-post","status-publish","format-standard","hentry","category-actividades","category-biblioteca","category-curso","category-curso-2014-2015","category-proxectos-ambientais","category-proxectos-de-biblioteca","tag-carmen-rodriguez-coronado","tag-davi-carro","tag-sostible"],"_links":{"self":[{"href":"https:\/\/www.iesneiravilas.es\/arquivo\/index.php?rest_route=\/wp\/v2\/posts\/2782","targetHints":{"allow":["GET"]}}],"collection":[{"href":"https:\/\/www.iesneiravilas.es\/arquivo\/index.php?rest_route=\/wp\/v2\/posts"}],"about":[{"href":"https:\/\/www.iesneiravilas.es\/arquivo\/index.php?rest_route=\/wp\/v2\/types\/post"}],"author":[{"embeddable":true,"href":"https:\/\/www.iesneiravilas.es\/arquivo\/index.php?rest_route=\/wp\/v2\/users\/1"}],"replies":[{"embeddable":true,"href":"https:\/\/www.iesneiravilas.es\/arquivo\/index.php?rest_route=%2Fwp%2Fv2%2Fcomments&post=2782"}],"version-history":[{"count":1,"href":"https:\/\/www.iesneiravilas.es\/arquivo\/index.php?rest_route=\/wp\/v2\/posts\/2782\/revisions"}],"predecessor-version":[{"id":2796,"href":"https:\/\/www.iesneiravilas.es\/arquivo\/index.php?rest_route=\/wp\/v2\/posts\/2782\/revisions\/2796"}],"wp:attachment":[{"href":"https:\/\/www.iesneiravilas.es\/arquivo\/index.php?rest_route=%2Fwp%2Fv2%2Fmedia&parent=2782"}],"wp:term":[{"taxonomy":"category","embeddable":true,"href":"https:\/\/www.iesneiravilas.es\/arquivo\/index.php?rest_route=%2Fwp%2Fv2%2Fcategories&post=2782"},{"taxonomy":"post_tag","embeddable":true,"href":"https:\/\/www.iesneiravilas.es\/arquivo\/index.php?rest_route=%2Fwp%2Fv2%2Ftags&post=2782"}],"curies":[{"name":"wp","href":"https:\/\/api.w.org\/{rel}","templated":true}]}}