{"id":2783,"date":"2015-06-21T20:20:58","date_gmt":"2015-06-21T18:20:58","guid":{"rendered":"http:\/\/iesneiravilas.es\/?p=1778"},"modified":"2015-09-30T00:07:15","modified_gmt":"2015-09-29T22:07:15","slug":"entrevista-a-marie-noelle-chapelle","status":"publish","type":"post","link":"https:\/\/www.iesneiravilas.es\/arquivo\/?p=2783","title":{"rendered":"Entrevista a Marie-No\u00eblle Chapelle"},"content":{"rendered":"<h3>\u201cPara min foi un reto o traballo tan participativo e interactivo no\u00a0 Neira Vilas\u201d<\/h3>\n<figure id=\"attachment_1780\" aria-describedby=\"caption-attachment-1780\" style=\"width: 223px\" class=\"wp-caption alignleft\"><a href=\"http:\/\/iesneiravilas.es\/wp-content\/uploads\/2015\/06\/marie-noelle_2.jpg\"><img loading=\"lazy\" decoding=\"async\" class=\"size-medium wp-image-1780\" src=\"http:\/\/iesneiravilas.es\/wp-content\/uploads\/2015\/06\/marie-noelle_2-223x300.jpg\" alt=\"Marie Noelle Chapelle\" width=\"223\" height=\"300\" \/><\/a><figcaption id=\"caption-attachment-1780\" class=\"wp-caption-text\">Marie-Noelle Chapelle<\/figcaption><\/figure>\n<p>Marie-No\u00eblle Chapelle, belga de\u00a0Fleurus, de\u00a0 vinte seis anos \u00e9 licenciada pola universidade de Lovaina, foi a lectora de Franc\u00e9s durante este curso 2014 15 no noso Instituto<\/p>\n<p><strong>Tiveches alg\u00fan traballo antes de ser profesora?<\/strong><\/p>\n<p>Si, traballei como animadora con nenos nos ver\u00e1ns, foi unha experiencia moi interesante porque os cativos necesitan moito movemento e actividades e tiven que resolver novos recursos e actividades para captar a s\u00faa atenci\u00f3n.<\/p>\n<p><strong>Logo neste centro foi o primeiro contacto coa docencia?<\/strong><\/p>\n<p>Si \u00e9 foi unha magn\u00edfica experiencia para empezar.\u00a0 Foi un cambio moi grande, \u00e9 ma\u00eds dificultoso traballar porque o alumnado debe estar sen moverse. Ao principio os rapaces falaban menos, despois xa ti\u00f1an moita confianza.<\/p>\n<p><strong>Que foi o m\u00e1is dif\u00edcil?<\/strong><\/p>\n<p>Non \u00e9 dif\u00edcil pero gostabeme que\u00a0 fixeran preguntas seguido. Hab\u00eda moita participaci\u00f3n na aula.<\/p>\n<p><strong>Que foi o que m\u00e1is che gustou do Instituto Neira Vilas?<\/strong><\/p>\n<p>Que tiven moi boa relaci\u00f3n co profesorado. O m\u00e1is interesante para min foi o traballo con profesor Xos\u00e9 Ant\u00f3n Garc\u00eda ( profesor de Historia na secci\u00f3n pluriling\u00fce) polo seu m\u00e9todo de traballo diferente e interactivo. Traballar en equipo e coas novas tecnolox\u00edas era un reto para mi.\u00a0 Foi moi interesante, antes era escoitar e estudar,\u00a0 agora \u00e9 estudar, falar e contalo.<\/p>\n<p><strong>\u00c9 util?<\/strong><\/p>\n<p>Si porque o alumnado fala do que co\u00f1ece e faise moito m\u00e1is flu\u00edda a conversa.<\/p>\n<figure id=\"attachment_1779\" aria-describedby=\"caption-attachment-1779\" style=\"width: 223px\" class=\"wp-caption alignleft\"><a href=\"http:\/\/iesneiravilas.es\/wp-content\/uploads\/2015\/06\/marie-noelle_1.jpg\"><img loading=\"lazy\" decoding=\"async\" class=\"size-medium wp-image-1779\" src=\"http:\/\/iesneiravilas.es\/wp-content\/uploads\/2015\/06\/marie-noelle_1-223x300.jpg\" alt=\"Marie Noelle Chapelle\" width=\"223\" height=\"300\" \/><\/a><figcaption id=\"caption-attachment-1779\" class=\"wp-caption-text\"><strong>Marie Noelle Chapelle<\/strong><\/figcaption><\/figure>\n<p><strong>Como valoras o traballo do Departamento de Franc\u00e9s?<\/strong><\/p>\n<p>Moi bo, o alumnado ten un nivel estupendo e comparado con outros centros m\u00e1is. Isto seino porque estou en contacto con moitos profesores auxiliares de Franc\u00e9s . Dispo\u00f1en de moitos apoios, de moito interese do profesorado, fanse intercambios e clases complementarias. Tam\u00e9n ter\u00a0 materias en Franc\u00e9s axuda moito porque os rapaces ven utilidade la Lingua francesa.<\/p>\n<p><strong>Que che gusta e que non de\u00a0 Galicia?<\/strong><\/p>\n<p>De Galicia g\u00fastame todo, a paisaxe \u00e9 preciosa, c\u00e9ltica. A xente \u00e9 moi amable e sempre disposta para falar e para vivir. Hai moita vida na r\u00faa e enc\u00e1ntame tomar tapas e estar coa xente. Tam\u00e9n me encanta a comida.<\/p>\n<p>G\u00fastame tam\u00e9n o amor \u00f3 galego, a lingua valoa est\u00e1 esmorecendo.<\/p>\n<p>O malo \u00e9 que \u00e9 dif\u00edcil adaptarse \u00f3 horario e a xente fuma moito.<\/p>\n<p><strong>Tes ganas de volver?<\/strong><\/p>\n<p>Si, te\u00f1o ganas de volver para co\u00f1ecer m\u00e1is o interior de Galicia.\u00a0 E volverei.<\/p>\n","protected":false},"excerpt":{"rendered":"<p>\u201cPara min foi un reto o traballo tan participativo e interactivo no\u00a0 Neira Vilas\u201d Marie-No\u00eblle Chapelle, belga de\u00a0Fleurus, de\u00a0 vinte seis anos \u00e9 licenciada pola universidade de Lovaina, foi a lectora de Franc\u00e9s durante este curso 2014 15 no noso Instituto Tiveches alg\u00fan traballo antes de ser profesora? Si, traballei como animadora con nenos nos &hellip; <a href=\"https:\/\/www.iesneiravilas.es\/arquivo\/?p=2783\" class=\"more-link\">Seguir lendo <span class=\"screen-reader-text\">Entrevista a Marie-No\u00eblle Chapelle<\/span> <span class=\"meta-nav\">&rarr;<\/span><\/a><\/p>\n","protected":false},"author":1,"featured_media":0,"comment_status":"open","ping_status":"open","sticky":false,"template":"","format":"standard","meta":{"footnotes":""},"categories":[433,142,706,651],"tags":[697],"class_list":["post-2783","post","type-post","status-publish","format-standard","hentry","category-a-nosa-xente","category-curso","category-curso-2014-2015","category-departamento-de-frances","tag-marie-noelle-chapelle"],"_links":{"self":[{"href":"https:\/\/www.iesneiravilas.es\/arquivo\/index.php?rest_route=\/wp\/v2\/posts\/2783","targetHints":{"allow":["GET"]}}],"collection":[{"href":"https:\/\/www.iesneiravilas.es\/arquivo\/index.php?rest_route=\/wp\/v2\/posts"}],"about":[{"href":"https:\/\/www.iesneiravilas.es\/arquivo\/index.php?rest_route=\/wp\/v2\/types\/post"}],"author":[{"embeddable":true,"href":"https:\/\/www.iesneiravilas.es\/arquivo\/index.php?rest_route=\/wp\/v2\/users\/1"}],"replies":[{"embeddable":true,"href":"https:\/\/www.iesneiravilas.es\/arquivo\/index.php?rest_route=%2Fwp%2Fv2%2Fcomments&post=2783"}],"version-history":[{"count":1,"href":"https:\/\/www.iesneiravilas.es\/arquivo\/index.php?rest_route=\/wp\/v2\/posts\/2783\/revisions"}],"predecessor-version":[{"id":2795,"href":"https:\/\/www.iesneiravilas.es\/arquivo\/index.php?rest_route=\/wp\/v2\/posts\/2783\/revisions\/2795"}],"wp:attachment":[{"href":"https:\/\/www.iesneiravilas.es\/arquivo\/index.php?rest_route=%2Fwp%2Fv2%2Fmedia&parent=2783"}],"wp:term":[{"taxonomy":"category","embeddable":true,"href":"https:\/\/www.iesneiravilas.es\/arquivo\/index.php?rest_route=%2Fwp%2Fv2%2Fcategories&post=2783"},{"taxonomy":"post_tag","embeddable":true,"href":"https:\/\/www.iesneiravilas.es\/arquivo\/index.php?rest_route=%2Fwp%2Fv2%2Ftags&post=2783"}],"curies":[{"name":"wp","href":"https:\/\/api.w.org\/{rel}","templated":true}]}}