{"id":2906,"date":"2014-09-15T19:10:23","date_gmt":"2014-09-15T17:10:23","guid":{"rendered":"http:\/\/www.iesneiravilas.es\/arquivo\/?p=2906"},"modified":"2021-12-02T19:09:29","modified_gmt":"2021-12-02T17:09:29","slug":"equipo-directivo-curso-2014-2015","status":"publish","type":"post","link":"https:\/\/www.iesneiravilas.es\/arquivo\/?p=2906","title":{"rendered":"Equipo Directivo. Curso 2014-2015"},"content":{"rendered":"<h4>Director<\/h4>\n<p>Agust\u00edn Fern\u00e1ndez Gago<\/p>\n<h4>Vicedirector<\/h4>\n<p>Agust\u00edn Lorenzo L\u00f3pez<\/p>\n<h4>Xefa de estudios<\/h4>\n<p>M\u00aa del Pilar Morandeira Roel<\/p>\n<h4>Secretario<\/h4>\n<p>Jos\u00e9 L\u00f3pez Couce<\/p>\n","protected":false},"excerpt":{"rendered":"<p>Director Agust\u00edn Fern\u00e1ndez Gago Vicedirector Agust\u00edn Lorenzo L\u00f3pez Xefa de estudios M\u00aa del Pilar Morandeira Roel Secretario Jos\u00e9 L\u00f3pez Couce<\/p>\n","protected":false},"author":1,"featured_media":0,"comment_status":"closed","ping_status":"open","sticky":false,"template":"","format":"standard","meta":{"footnotes":""},"categories":[706,80],"tags":[],"class_list":["post-2906","post","type-post","status-publish","format-standard","hentry","category-curso-2014-2015","category-equipo-directivo"],"_links":{"self":[{"href":"https:\/\/www.iesneiravilas.es\/arquivo\/index.php?rest_route=\/wp\/v2\/posts\/2906","targetHints":{"allow":["GET"]}}],"collection":[{"href":"https:\/\/www.iesneiravilas.es\/arquivo\/index.php?rest_route=\/wp\/v2\/posts"}],"about":[{"href":"https:\/\/www.iesneiravilas.es\/arquivo\/index.php?rest_route=\/wp\/v2\/types\/post"}],"author":[{"embeddable":true,"href":"https:\/\/www.iesneiravilas.es\/arquivo\/index.php?rest_route=\/wp\/v2\/users\/1"}],"replies":[{"embeddable":true,"href":"https:\/\/www.iesneiravilas.es\/arquivo\/index.php?rest_route=%2Fwp%2Fv2%2Fcomments&post=2906"}],"version-history":[{"count":1,"href":"https:\/\/www.iesneiravilas.es\/arquivo\/index.php?rest_route=\/wp\/v2\/posts\/2906\/revisions"}],"predecessor-version":[{"id":2907,"href":"https:\/\/www.iesneiravilas.es\/arquivo\/index.php?rest_route=\/wp\/v2\/posts\/2906\/revisions\/2907"}],"wp:attachment":[{"href":"https:\/\/www.iesneiravilas.es\/arquivo\/index.php?rest_route=%2Fwp%2Fv2%2Fmedia&parent=2906"}],"wp:term":[{"taxonomy":"category","embeddable":true,"href":"https:\/\/www.iesneiravilas.es\/arquivo\/index.php?rest_route=%2Fwp%2Fv2%2Fcategories&post=2906"},{"taxonomy":"post_tag","embeddable":true,"href":"https:\/\/www.iesneiravilas.es\/arquivo\/index.php?rest_route=%2Fwp%2Fv2%2Ftags&post=2906"}],"curies":[{"name":"wp","href":"https:\/\/api.w.org\/{rel}","templated":true}]}}