{"id":2937,"date":"2014-10-02T17:03:24","date_gmt":"2014-10-02T15:03:24","guid":{"rendered":"http:\/\/www.iesneiravilas.es\/arquivo\/?p=2937"},"modified":"2021-12-02T19:09:29","modified_gmt":"2021-12-02T17:09:29","slug":"persoal-non-docente-curso-2014-2015","status":"publish","type":"post","link":"https:\/\/www.iesneiravilas.es\/arquivo\/?p=2937","title":{"rendered":"Persoal non Docente. Curso 2014-2015"},"content":{"rendered":"<h4><b>Administrativa<\/b><\/h4>\n<ul>\n<li>M. Isabel Mejuto Sampayo<\/li>\n<\/ul>\n<h4><b>Conserxes<\/b><\/h4>\n<ul>\n<li>Mar\u00eda Esther Ramos Esperante<\/li>\n<li>Mar\u00eda Rey Andrade<\/li>\n<\/ul>\n<h4><b>Persoal de Limpeza<\/b><\/h4>\n<ul>\n<li>Bego\u00f1a Cernadas Astray<\/li>\n<li>Luisa Pensado Pereira<\/li>\n<li>Javier S\u00e1nchez Garea<\/li>\n<\/ul>\n","protected":false},"excerpt":{"rendered":"<p>Administrativa M. Isabel Mejuto Sampayo Conserxes Mar\u00eda Esther Ramos Esperante Mar\u00eda Rey Andrade Persoal de Limpeza Bego\u00f1a Cernadas Astray Luisa Pensado Pereira Javier S\u00e1nchez Garea<\/p>\n","protected":false},"author":1,"featured_media":0,"comment_status":"closed","ping_status":"open","sticky":false,"template":"","format":"standard","meta":{"footnotes":""},"categories":[706,83,145],"tags":[],"class_list":["post-2937","post","type-post","status-publish","format-standard","hentry","category-curso-2014-2015","category-persoal-non-docente","category-quen-fomos"],"_links":{"self":[{"href":"https:\/\/www.iesneiravilas.es\/arquivo\/index.php?rest_route=\/wp\/v2\/posts\/2937","targetHints":{"allow":["GET"]}}],"collection":[{"href":"https:\/\/www.iesneiravilas.es\/arquivo\/index.php?rest_route=\/wp\/v2\/posts"}],"about":[{"href":"https:\/\/www.iesneiravilas.es\/arquivo\/index.php?rest_route=\/wp\/v2\/types\/post"}],"author":[{"embeddable":true,"href":"https:\/\/www.iesneiravilas.es\/arquivo\/index.php?rest_route=\/wp\/v2\/users\/1"}],"replies":[{"embeddable":true,"href":"https:\/\/www.iesneiravilas.es\/arquivo\/index.php?rest_route=%2Fwp%2Fv2%2Fcomments&post=2937"}],"version-history":[{"count":1,"href":"https:\/\/www.iesneiravilas.es\/arquivo\/index.php?rest_route=\/wp\/v2\/posts\/2937\/revisions"}],"predecessor-version":[{"id":2938,"href":"https:\/\/www.iesneiravilas.es\/arquivo\/index.php?rest_route=\/wp\/v2\/posts\/2937\/revisions\/2938"}],"wp:attachment":[{"href":"https:\/\/www.iesneiravilas.es\/arquivo\/index.php?rest_route=%2Fwp%2Fv2%2Fmedia&parent=2937"}],"wp:term":[{"taxonomy":"category","embeddable":true,"href":"https:\/\/www.iesneiravilas.es\/arquivo\/index.php?rest_route=%2Fwp%2Fv2%2Fcategories&post=2937"},{"taxonomy":"post_tag","embeddable":true,"href":"https:\/\/www.iesneiravilas.es\/arquivo\/index.php?rest_route=%2Fwp%2Fv2%2Ftags&post=2937"}],"curies":[{"name":"wp","href":"https:\/\/api.w.org\/{rel}","templated":true}]}}