{"id":2980,"date":"2015-09-23T08:41:27","date_gmt":"2015-09-23T06:41:27","guid":{"rendered":"http:\/\/iesneiravilas.es\/?p=1942"},"modified":"2017-10-17T12:54:47","modified_gmt":"2017-10-17T10:54:47","slug":"convivencia-con-alumnado-de-ockero-suecia","status":"publish","type":"post","link":"https:\/\/www.iesneiravilas.es\/arquivo\/?p=2980","title":{"rendered":"Convivencia con alumnado de \u00d6cker\u00f6 (Suecia)"},"content":{"rendered":"<p><a href=\"http:\/\/www.iesneiravilas.es\/arquivo\/wp-content\/uploads\/2015\/09\/\u00d6CKER\u00d6-SEGLANDE-GYMNASIESKOLA.jpg\"><img loading=\"lazy\" decoding=\"async\" class=\" wp-image-1941 alignleft\" src=\"http:\/\/www.iesneiravilas.es\/arquivo\/wp-content\/uploads\/2015\/09\/\u00d6CKER\u00d6-SEGLANDE-GYMNASIESKOLA-300x201.jpg\" alt=\"\u00d6CKER\u00d6 SEGLANDE GYMNASIESKOLA\" width=\"268\" height=\"180\" \/><\/a>Do 24 ao 29 de setembro, o alumnado de primeiro de bacharelato disfrutou dunhas <a href=\"http:\/\/www.iesneiravilas.es\/arquivo\/wp-content\/uploads\/2015\/09\/Programa-Convivencia.pdf\">xornadas de convivencia<\/a> cun grupo de alumnos do instituto de ensino secundario <a href=\"http:\/\/www.ockerogymnasieskola.se\/\">Seglande Gymnasieskola de \u00d6ckero (Suecia)<\/a> que chegaron \u00e1 Coru\u00f1a a bordo da <a href=\"https:\/\/es.wikipedia.org\/wiki\/Bricbarca\">bricbarca<\/a> Gunilla.<\/p>\n<p>Os alumnos deste centro desenvolven parte do cursos escolar enrolados no Gunilla facendo escala en diversos portos de Europa, \u00c1frica e Am\u00e9rica.<\/p>\n<p><a href=\"http:\/\/www.ockerogymnasieskola.se\/download\/18.36f5b7cc1329f0f7e3a800013784\/1402410849060\/El+bachillerato+de+%C3%96cker%C3%B6.pdf\">M\u00e1is informaci\u00f3n sobre o proxecto&#8230;<\/a><\/p>\n<div id='gallery-1' class='gallery galleryid-2980 gallery-columns-3 gallery-size-thumbnail'><figure class='gallery-item'>\n\t\t\t<div class='gallery-icon landscape'>\n\t\t\t\t<a href='https:\/\/www.iesneiravilas.es\/arquivo\/?attachment_id=2001'><img loading=\"lazy\" decoding=\"async\" width=\"150\" height=\"150\" src=\"https:\/\/www.iesneiravilas.es\/arquivo\/wp-content\/uploads\/2014\/10\/areas_marinas_protexidas_2-150x150.jpg\" class=\"attachment-thumbnail size-thumbnail\" alt=\"Exposici\u00f3n: \u00c1reas mari\u00f1as protexidas\" aria-describedby=\"gallery-1-2001\" \/><\/a>\n\t\t\t<\/div>\n\t\t\t\t<figcaption class='wp-caption-text gallery-caption' id='gallery-1-2001'>\n\t\t\t\tExposici\u00f3n: \u00c1reas mari\u00f1as protexidas\n\t\t\t\t<\/figcaption><\/figure><figure class='gallery-item'>\n\t\t\t<div class='gallery-icon landscape'>\n\t\t\t\t<a href='https:\/\/www.iesneiravilas.es\/arquivo\/?attachment_id=2008'><img loading=\"lazy\" decoding=\"async\" width=\"150\" height=\"150\" src=\"https:\/\/www.iesneiravilas.es\/arquivo\/wp-content\/uploads\/2015\/09\/gunilla08-150x150.jpg\" class=\"attachment-thumbnail size-thumbnail\" alt=\"\" \/><\/a>\n\t\t\t<\/div><\/figure><figure class='gallery-item'>\n\t\t\t<div class='gallery-icon landscape'>\n\t\t\t\t<a href='https:\/\/www.iesneiravilas.es\/arquivo\/?attachment_id=2009'><img loading=\"lazy\" decoding=\"async\" width=\"150\" height=\"150\" src=\"https:\/\/www.iesneiravilas.es\/arquivo\/wp-content\/uploads\/2015\/09\/gunilla09-150x150.jpg\" class=\"attachment-thumbnail size-thumbnail\" alt=\"\" \/><\/a>\n\t\t\t<\/div><\/figure><figure class='gallery-item'>\n\t\t\t<div class='gallery-icon landscape'>\n\t\t\t\t<a href='https:\/\/www.iesneiravilas.es\/arquivo\/?attachment_id=2010'><img loading=\"lazy\" decoding=\"async\" width=\"150\" height=\"150\" src=\"https:\/\/www.iesneiravilas.es\/arquivo\/wp-content\/uploads\/2014\/10\/samagostino2-150x150.jpg\" class=\"attachment-thumbnail size-thumbnail\" alt=\"Entrodio 2010\" aria-describedby=\"gallery-1-2010\" \/><\/a>\n\t\t\t<\/div>\n\t\t\t\t<figcaption class='wp-caption-text gallery-caption' id='gallery-1-2010'>\n\t\t\t\tEntrodio 2010\n\t\t\t\t<\/figcaption><\/figure><figure class='gallery-item'>\n\t\t\t<div class='gallery-icon landscape'>\n\t\t\t\t<a href='https:\/\/www.iesneiravilas.es\/arquivo\/?attachment_id=2011'><img loading=\"lazy\" decoding=\"async\" width=\"150\" height=\"150\" src=\"https:\/\/www.iesneiravilas.es\/arquivo\/wp-content\/uploads\/2014\/10\/samagostino4-150x150.jpg\" class=\"attachment-thumbnail size-thumbnail\" alt=\"Entrodio 2010\" aria-describedby=\"gallery-1-2011\" \/><\/a>\n\t\t\t<\/div>\n\t\t\t\t<figcaption class='wp-caption-text gallery-caption' id='gallery-1-2011'>\n\t\t\t\tEntrodio 2010\n\t\t\t\t<\/figcaption><\/figure><figure class='gallery-item'>\n\t\t\t<div class='gallery-icon landscape'>\n\t\t\t\t<a href='https:\/\/www.iesneiravilas.es\/arquivo\/?attachment_id=2012'><img loading=\"lazy\" decoding=\"async\" width=\"150\" height=\"150\" src=\"https:\/\/www.iesneiravilas.es\/arquivo\/wp-content\/uploads\/2014\/10\/samagostino3-150x150.jpg\" class=\"attachment-thumbnail size-thumbnail\" alt=\"Entrodio 2010\" aria-describedby=\"gallery-1-2012\" \/><\/a>\n\t\t\t<\/div>\n\t\t\t\t<figcaption class='wp-caption-text gallery-caption' id='gallery-1-2012'>\n\t\t\t\tEntrodio 2010\n\t\t\t\t<\/figcaption><\/figure><figure class='gallery-item'>\n\t\t\t<div class='gallery-icon landscape'>\n\t\t\t\t<a href='https:\/\/www.iesneiravilas.es\/arquivo\/?attachment_id=2013'><img loading=\"lazy\" decoding=\"async\" width=\"150\" height=\"150\" src=\"https:\/\/www.iesneiravilas.es\/arquivo\/wp-content\/uploads\/2014\/10\/samagostino5-150x150.jpg\" class=\"attachment-thumbnail size-thumbnail\" alt=\"Entrodio 2010\" aria-describedby=\"gallery-1-2013\" \/><\/a>\n\t\t\t<\/div>\n\t\t\t\t<figcaption class='wp-caption-text gallery-caption' id='gallery-1-2013'>\n\t\t\t\tEntrodio 2010\n\t\t\t\t<\/figcaption><\/figure><figure class='gallery-item'>\n\t\t\t<div class='gallery-icon landscape'>\n\t\t\t\t<a href='https:\/\/www.iesneiravilas.es\/arquivo\/?attachment_id=2017'><img loading=\"lazy\" decoding=\"async\" width=\"150\" height=\"150\" src=\"https:\/\/www.iesneiravilas.es\/arquivo\/wp-content\/uploads\/2015\/09\/gunilla17-150x150.jpg\" class=\"attachment-thumbnail size-thumbnail\" alt=\"\" \/><\/a>\n\t\t\t<\/div><\/figure>\n\t\t<\/div>\n\n","protected":false},"excerpt":{"rendered":"<p>Do 24 ao 29 de setembro, o alumnado de primeiro de bacharelato disfrutou dunhas xornadas de convivencia cun grupo de alumnos do instituto de ensino secundario Seglande Gymnasieskola de \u00d6ckero (Suecia) que chegaron \u00e1 Coru\u00f1a a bordo da bricbarca Gunilla. Os alumnos deste centro desenvolven parte do cursos escolar enrolados no Gunilla facendo escala en &hellip; <a href=\"https:\/\/www.iesneiravilas.es\/arquivo\/?p=2980\" class=\"more-link\">Seguir lendo <span class=\"screen-reader-text\">Convivencia con alumnado de \u00d6cker\u00f6 (Suecia)<\/span> <span class=\"meta-nav\">&rarr;<\/span><\/a><\/p>\n","protected":false},"author":1,"featured_media":0,"comment_status":"open","ping_status":"open","sticky":false,"template":"","format":"standard","meta":{"footnotes":""},"categories":[17,645,708],"tags":[711,710,709],"class_list":["post-2980","post","type-post","status-publish","format-standard","hentry","category-actividades","category-alumnos","category-curso-2015-2016","tag-gunilla","tag-ockero","tag-seglande-gymnasieskola"],"_links":{"self":[{"href":"https:\/\/www.iesneiravilas.es\/arquivo\/index.php?rest_route=\/wp\/v2\/posts\/2980","targetHints":{"allow":["GET"]}}],"collection":[{"href":"https:\/\/www.iesneiravilas.es\/arquivo\/index.php?rest_route=\/wp\/v2\/posts"}],"about":[{"href":"https:\/\/www.iesneiravilas.es\/arquivo\/index.php?rest_route=\/wp\/v2\/types\/post"}],"author":[{"embeddable":true,"href":"https:\/\/www.iesneiravilas.es\/arquivo\/index.php?rest_route=\/wp\/v2\/users\/1"}],"replies":[{"embeddable":true,"href":"https:\/\/www.iesneiravilas.es\/arquivo\/index.php?rest_route=%2Fwp%2Fv2%2Fcomments&post=2980"}],"version-history":[{"count":2,"href":"https:\/\/www.iesneiravilas.es\/arquivo\/index.php?rest_route=\/wp\/v2\/posts\/2980\/revisions"}],"predecessor-version":[{"id":3000,"href":"https:\/\/www.iesneiravilas.es\/arquivo\/index.php?rest_route=\/wp\/v2\/posts\/2980\/revisions\/3000"}],"wp:attachment":[{"href":"https:\/\/www.iesneiravilas.es\/arquivo\/index.php?rest_route=%2Fwp%2Fv2%2Fmedia&parent=2980"}],"wp:term":[{"taxonomy":"category","embeddable":true,"href":"https:\/\/www.iesneiravilas.es\/arquivo\/index.php?rest_route=%2Fwp%2Fv2%2Fcategories&post=2980"},{"taxonomy":"post_tag","embeddable":true,"href":"https:\/\/www.iesneiravilas.es\/arquivo\/index.php?rest_route=%2Fwp%2Fv2%2Ftags&post=2980"}],"curies":[{"name":"wp","href":"https:\/\/api.w.org\/{rel}","templated":true}]}}