{"id":4144,"date":"2015-10-03T19:35:45","date_gmt":"2015-10-03T17:35:45","guid":{"rendered":"http:\/\/iesneiravilas.es\/?p=1973"},"modified":"2017-10-18T10:23:43","modified_gmt":"2017-10-18T08:23:43","slug":"xornada-do-equipo-de-mediacion","status":"publish","type":"post","link":"https:\/\/www.iesneiravilas.es\/arquivo\/?p=4144","title":{"rendered":"Xornada do Equipo de Convivencia e Mediaci\u00f3n"},"content":{"rendered":"<h3>Xornada de Convivencia e adestramento en t\u00e9cnicas de mediaci\u00f3n<\/h3>\n<figure id=\"attachment_1974\" aria-describedby=\"caption-attachment-1974\" style=\"width: 300px\" class=\"wp-caption alignleft\"><a href=\"http:\/\/iesneiravilas.es\/wp-content\/uploads\/2015\/10\/convivencia_mediacion_07.jpg\"><img loading=\"lazy\" decoding=\"async\" class=\"size-medium wp-image-1974\" src=\"http:\/\/iesneiravilas.es\/wp-content\/uploads\/2015\/10\/convivencia_mediacion_07-300x169.jpg\" alt=\"Equipo de Convivencia e Mediaci\u00f3n\" width=\"300\" height=\"169\" \/><\/a><figcaption id=\"caption-attachment-1974\" class=\"wp-caption-text\">Equipo de Convivencia e Mediaci\u00f3n<\/figcaption><\/figure>\n<p>O pasado luns, 28 de setembro, o Equipo de Convivencia e Mediaci\u00f3n realizou unha excursi\u00f3n a Ferrol, Mugardos e Montefaro. No transcurso dun fermoso e soleado d\u00eda, os integrantes do equipo visitaron o gran Castelo de San Felipe, unha fortaleza militar constru\u00edda a finais do s\u00e9culo XVI para defender a r\u00eda e a cidade de Ferrol (coido que naqueles tempos non hab\u00eda mediadores).<\/p>\n<p>Xa na outra marxe da r\u00eda, no municipio de Mugardos, o equipo tivo a oportunidade de visitar o Castelo da Palma, da mesma \u00e9poca que o de San Felipe e situado xusto enfronte a un tiro de pedra (anque por carreteira tardamos case unha hora en chegar dun ao outro). No Castelo da Palma tivemos a sorte de ter a axuda de Patricia, a gu\u00eda do concello de Mugardos, que nos foi explicando a construci\u00f3n militar, que ao que parece, queren converter nun hotel-spa de cinco estrelas. Patricia mostrounos a ponte levadiza, as cubertas, o peirao para o abastecemento, o polvor\u00edn, as casamatas os calabozos e a prisi\u00f3n militar, na que, segundo nos dixo, estivo preso un tal Antonio Tejero, que en 1981 protagoniz\u00f3u un golpe de estado militar contra a democracia espa\u00f1ola (afortunadamente o golpe non tivo \u00e9xito e os seus l\u00edderes acabaron na c\u00e1rcere).<\/p>\n<p>Despois da estupenda visita ao Castelo da Palma subimos a Montefaro, ao Mosteiro de Santa Catalina. Comimos os bocatas no xard\u00edn do Mosteiro e logo fixemos un duro adestramento mediante un xogo de rol no que os mediadores ti\u00f1an que enfrontarse a un complicado conflito que, anque era inventado, poder\u00eda perfectamente haber ocorrido no noso instituto. Cando rematamos o adestramento visitamos brevemente o Mosteiro. Est\u00e1 en moi malas condici\u00f3ns e so puidemos ver o claustro e a igrexa.<\/p>\n<p align=\"left\">E logo xa de volta ao bus para chegar a tempo de coller o transporte escolar.<\/p>\n<div id='gallery-1' class='gallery galleryid-4144 gallery-columns-3 gallery-size-thumbnail'><figure class='gallery-item'>\n\t\t\t<div class='gallery-icon landscape'>\n\t\t\t\t<a href='https:\/\/www.iesneiravilas.es\/arquivo\/?attachment_id=1982'><img loading=\"lazy\" decoding=\"async\" width=\"150\" height=\"150\" src=\"https:\/\/www.iesneiravilas.es\/arquivo\/wp-content\/uploads\/2014\/10\/observacion_aves4-150x150.jpg\" class=\"attachment-thumbnail size-thumbnail\" alt=\"\" \/><\/a>\n\t\t\t<\/div><\/figure><figure class='gallery-item'>\n\t\t\t<div class='gallery-icon landscape'>\n\t\t\t\t<a href='https:\/\/www.iesneiravilas.es\/arquivo\/?attachment_id=1981'><img loading=\"lazy\" decoding=\"async\" width=\"150\" height=\"150\" src=\"https:\/\/www.iesneiravilas.es\/arquivo\/wp-content\/uploads\/2014\/10\/observacion_aves7-150x150.jpg\" class=\"attachment-thumbnail size-thumbnail\" alt=\"\" \/><\/a>\n\t\t\t<\/div><\/figure><figure class='gallery-item'>\n\t\t\t<div class='gallery-icon landscape'>\n\t\t\t\t<a href='https:\/\/www.iesneiravilas.es\/arquivo\/?attachment_id=1980'><img loading=\"lazy\" decoding=\"async\" width=\"150\" height=\"150\" src=\"https:\/\/www.iesneiravilas.es\/arquivo\/wp-content\/uploads\/2014\/10\/observacion_aves2-150x150.jpg\" class=\"attachment-thumbnail size-thumbnail\" alt=\"\" \/><\/a>\n\t\t\t<\/div><\/figure><figure class='gallery-item'>\n\t\t\t<div class='gallery-icon landscape'>\n\t\t\t\t<a href='https:\/\/www.iesneiravilas.es\/arquivo\/?attachment_id=1979'><img loading=\"lazy\" decoding=\"async\" width=\"150\" height=\"150\" src=\"https:\/\/www.iesneiravilas.es\/arquivo\/wp-content\/uploads\/2014\/10\/observacion_aves1-150x150.jpg\" class=\"attachment-thumbnail size-thumbnail\" alt=\"\" \/><\/a>\n\t\t\t<\/div><\/figure>\n\t\t<\/div>\n\n","protected":false},"excerpt":{"rendered":"<p>Xornada de Convivencia e adestramento en t\u00e9cnicas de mediaci\u00f3n O pasado luns, 28 de setembro, o Equipo de Convivencia e Mediaci\u00f3n realizou unha excursi\u00f3n a Ferrol, Mugardos e Montefaro. No transcurso dun fermoso e soleado d\u00eda, os integrantes do equipo visitaron o gran Castelo de San Felipe, unha fortaleza militar constru\u00edda a finais do s\u00e9culo &hellip; <a href=\"https:\/\/www.iesneiravilas.es\/arquivo\/?p=4144\" class=\"more-link\">Seguir lendo <span class=\"screen-reader-text\">Xornada do Equipo de Convivencia e Mediaci\u00f3n<\/span> <span class=\"meta-nav\">&rarr;<\/span><\/a><\/p>\n","protected":false},"author":1,"featured_media":0,"comment_status":"open","ping_status":"open","sticky":false,"template":"","format":"standard","meta":{"footnotes":""},"categories":[17,708,719,686,647],"tags":[720,713],"class_list":["post-4144","post","type-post","status-publish","format-standard","hentry","category-actividades","category-curso-2015-2016","category-equipo-de-convivencia-e-mediacion","category-excursion","category-mediacion","tag-castelo-da-palma","tag-equipo-de-convivencia-e-mediacion"],"_links":{"self":[{"href":"https:\/\/www.iesneiravilas.es\/arquivo\/index.php?rest_route=\/wp\/v2\/posts\/4144","targetHints":{"allow":["GET"]}}],"collection":[{"href":"https:\/\/www.iesneiravilas.es\/arquivo\/index.php?rest_route=\/wp\/v2\/posts"}],"about":[{"href":"https:\/\/www.iesneiravilas.es\/arquivo\/index.php?rest_route=\/wp\/v2\/types\/post"}],"author":[{"embeddable":true,"href":"https:\/\/www.iesneiravilas.es\/arquivo\/index.php?rest_route=\/wp\/v2\/users\/1"}],"replies":[{"embeddable":true,"href":"https:\/\/www.iesneiravilas.es\/arquivo\/index.php?rest_route=%2Fwp%2Fv2%2Fcomments&post=4144"}],"version-history":[{"count":1,"href":"https:\/\/www.iesneiravilas.es\/arquivo\/index.php?rest_route=\/wp\/v2\/posts\/4144\/revisions"}],"predecessor-version":[{"id":4147,"href":"https:\/\/www.iesneiravilas.es\/arquivo\/index.php?rest_route=\/wp\/v2\/posts\/4144\/revisions\/4147"}],"wp:attachment":[{"href":"https:\/\/www.iesneiravilas.es\/arquivo\/index.php?rest_route=%2Fwp%2Fv2%2Fmedia&parent=4144"}],"wp:term":[{"taxonomy":"category","embeddable":true,"href":"https:\/\/www.iesneiravilas.es\/arquivo\/index.php?rest_route=%2Fwp%2Fv2%2Fcategories&post=4144"},{"taxonomy":"post_tag","embeddable":true,"href":"https:\/\/www.iesneiravilas.es\/arquivo\/index.php?rest_route=%2Fwp%2Fv2%2Ftags&post=4144"}],"curies":[{"name":"wp","href":"https:\/\/api.w.org\/{rel}","templated":true}]}}