{"id":582,"date":"2013-11-13T10:58:15","date_gmt":"2013-11-13T08:58:15","guid":{"rendered":"http:\/\/www.iesneiravilas.es\/arquivo\/?p=582"},"modified":"2014-10-20T20:33:21","modified_gmt":"2014-10-20T18:33:21","slug":"visita-dos-monitores-o-museo-arqueoloxico-de-a-coruna","status":"publish","type":"post","link":"https:\/\/www.iesneiravilas.es\/arquivo\/?p=582","title":{"rendered":"Visita dos monitores \u00f3 museo arqueol\u00f3xico de A Coru\u00f1a"},"content":{"rendered":"<figure id=\"attachment_583\" aria-describedby=\"caption-attachment-583\" style=\"width: 300px\" class=\"wp-caption alignleft\"><a href=\"http:\/\/www.iesneiravilas.es\/arquivo\/wp-content\/uploads\/2014\/10\/arqueoloxico_1.jpeg\"><img loading=\"lazy\" decoding=\"async\" class=\"size-medium wp-image-583\" src=\"http:\/\/www.iesneiravilas.es\/arquivo\/wp-content\/uploads\/2014\/10\/arqueoloxico_1-300x168.jpeg\" alt=\"Visita dos monitores \u00f3 museo arqueol\u00f3xico de A Coru\u00f1a\" width=\"300\" height=\"168\" srcset=\"https:\/\/www.iesneiravilas.es\/arquivo\/wp-content\/uploads\/2014\/10\/arqueoloxico_1-300x168.jpeg 300w, https:\/\/www.iesneiravilas.es\/arquivo\/wp-content\/uploads\/2014\/10\/arqueoloxico_1-1024x576.jpeg 1024w, https:\/\/www.iesneiravilas.es\/arquivo\/wp-content\/uploads\/2014\/10\/arqueoloxico_1.jpeg 1280w\" sizes=\"auto, (max-width: 300px) 100vw, 300px\" \/><\/a><figcaption id=\"caption-attachment-583\" class=\"wp-caption-text\">Visita dos monitores \u00f3 museo arqueol\u00f3xico de A Coru\u00f1a<\/figcaption><\/figure>\n<p>O grupo de alumnos monitores de 1\u00ba realizou o d\u00eda 13 de novembre a visita \u00f3 museo arqueol\u00f3xico de A Coru\u00f1a para a preparaci\u00f3n da actividade did\u00e1ctica co compa\u00f1eiros. Realizaronse as actividades da visita \u00e1 secci\u00f3n de arqueolox\u00eda e tam\u00e9n o fichado de pezas en colaboraci\u00f3n coa arque\u00f3loga. Os alumnos monitores son: Eva Carreira, Daniela Ferreira, Karol Fidelis, Orleni Mateo, Lara Garc\u00eda, Vitor de Carballo; nocol\u00e1s Escourido, Yvana Cadah\u00edo, Hugo Fern\u00e1ndez e Ezequiel Caballero.<\/p>\n<div id='gallery-1' class='gallery galleryid-582 gallery-columns-3 gallery-size-thumbnail'><figure class='gallery-item'>\n\t\t\t<div class='gallery-icon portrait'>\n\t\t\t\t<a href='https:\/\/www.iesneiravilas.es\/arquivo\/?attachment_id=584'><img loading=\"lazy\" decoding=\"async\" width=\"150\" height=\"150\" src=\"https:\/\/www.iesneiravilas.es\/arquivo\/wp-content\/uploads\/2014\/10\/arqueoloxico_2-150x150.jpeg\" class=\"attachment-thumbnail size-thumbnail\" alt=\"Visita dos monitores \u00f3 museo arqueol\u00f3xico de A Coru\u00f1a\" aria-describedby=\"gallery-1-584\" \/><\/a>\n\t\t\t<\/div>\n\t\t\t\t<figcaption class='wp-caption-text gallery-caption' id='gallery-1-584'>\n\t\t\t\tVisita dos monitores \u00f3 museo arqueol\u00f3xico de A Coru\u00f1a\n\t\t\t\t<\/figcaption><\/figure><figure class='gallery-item'>\n\t\t\t<div class='gallery-icon landscape'>\n\t\t\t\t<a href='https:\/\/www.iesneiravilas.es\/arquivo\/?attachment_id=585'><img loading=\"lazy\" decoding=\"async\" width=\"150\" height=\"150\" src=\"https:\/\/www.iesneiravilas.es\/arquivo\/wp-content\/uploads\/2014\/10\/arqueoloxico_3-150x150.jpeg\" class=\"attachment-thumbnail size-thumbnail\" alt=\"\" \/><\/a>\n\t\t\t<\/div><\/figure><figure class='gallery-item'>\n\t\t\t<div class='gallery-icon landscape'>\n\t\t\t\t<a href='https:\/\/www.iesneiravilas.es\/arquivo\/?attachment_id=586'><img loading=\"lazy\" decoding=\"async\" width=\"150\" height=\"150\" src=\"https:\/\/www.iesneiravilas.es\/arquivo\/wp-content\/uploads\/2014\/10\/arqueoloxico_4-150x150.jpeg\" class=\"attachment-thumbnail size-thumbnail\" alt=\"\" \/><\/a>\n\t\t\t<\/div><\/figure>\n\t\t<\/div>\n\n","protected":false},"excerpt":{"rendered":"<p>O grupo de alumnos monitores de 1\u00ba realizou o d\u00eda 13 de novembre a visita \u00f3 museo arqueol\u00f3xico de A Coru\u00f1a para a preparaci\u00f3n da actividade did\u00e1ctica co compa\u00f1eiros. Realizaronse as actividades da visita \u00e1 secci\u00f3n de arqueolox\u00eda e tam\u00e9n o fichado de pezas en colaboraci\u00f3n coa arque\u00f3loga. Os alumnos monitores son: Eva Carreira, Daniela &hellip; <a href=\"https:\/\/www.iesneiravilas.es\/arquivo\/?p=582\" class=\"more-link\">Seguir lendo <span class=\"screen-reader-text\">Visita dos monitores \u00f3 museo arqueol\u00f3xico de A Coru\u00f1a<\/span> <span class=\"meta-nav\">&rarr;<\/span><\/a><\/p>\n","protected":false},"author":1,"featured_media":0,"comment_status":"closed","ping_status":"open","sticky":false,"template":"","format":"standard","meta":{"footnotes":""},"categories":[17,22],"tags":[38,37,46,45,39,41,47,43,40,55,44],"class_list":["post-582","post","type-post","status-publish","format-standard","hentry","category-actividades","category-curso-2013-2014","tag-daniela-ferreira","tag-eva-carreira","tag-ezequiel-caballero","tag-hugo-fernandez","tag-karol-fidelis","tag-lara-garcia","tag-museo-arqueoloxico","tag-nicolas-escourido","tag-orleni-mateo","tag-vitor-de-carbalho","tag-yvana-cadahio"],"_links":{"self":[{"href":"https:\/\/www.iesneiravilas.es\/arquivo\/index.php?rest_route=\/wp\/v2\/posts\/582","targetHints":{"allow":["GET"]}}],"collection":[{"href":"https:\/\/www.iesneiravilas.es\/arquivo\/index.php?rest_route=\/wp\/v2\/posts"}],"about":[{"href":"https:\/\/www.iesneiravilas.es\/arquivo\/index.php?rest_route=\/wp\/v2\/types\/post"}],"author":[{"embeddable":true,"href":"https:\/\/www.iesneiravilas.es\/arquivo\/index.php?rest_route=\/wp\/v2\/users\/1"}],"replies":[{"embeddable":true,"href":"https:\/\/www.iesneiravilas.es\/arquivo\/index.php?rest_route=%2Fwp%2Fv2%2Fcomments&post=582"}],"version-history":[{"count":2,"href":"https:\/\/www.iesneiravilas.es\/arquivo\/index.php?rest_route=\/wp\/v2\/posts\/582\/revisions"}],"predecessor-version":[{"id":2682,"href":"https:\/\/www.iesneiravilas.es\/arquivo\/index.php?rest_route=\/wp\/v2\/posts\/582\/revisions\/2682"}],"wp:attachment":[{"href":"https:\/\/www.iesneiravilas.es\/arquivo\/index.php?rest_route=%2Fwp%2Fv2%2Fmedia&parent=582"}],"wp:term":[{"taxonomy":"category","embeddable":true,"href":"https:\/\/www.iesneiravilas.es\/arquivo\/index.php?rest_route=%2Fwp%2Fv2%2Fcategories&post=582"},{"taxonomy":"post_tag","embeddable":true,"href":"https:\/\/www.iesneiravilas.es\/arquivo\/index.php?rest_route=%2Fwp%2Fv2%2Ftags&post=582"}],"curies":[{"name":"wp","href":"https:\/\/api.w.org\/{rel}","templated":true}]}}