{"id":597,"date":"2013-12-18T19:04:48","date_gmt":"2013-12-18T17:04:48","guid":{"rendered":"http:\/\/www.iesneiravilas.es\/arquivo\/?p=597"},"modified":"2014-10-05T19:18:23","modified_gmt":"2014-10-05T17:18:23","slug":"venezuela-e-galicia","status":"publish","type":"post","link":"https:\/\/www.iesneiravilas.es\/arquivo\/?p=597","title":{"rendered":"Venezuela e Galicia"},"content":{"rendered":"<figure id=\"attachment_598\" aria-describedby=\"caption-attachment-598\" style=\"width: 300px\" class=\"wp-caption alignleft\"><a href=\"http:\/\/www.iesneiravilas.es\/arquivo\/wp-content\/uploads\/2014\/10\/conferencia_venezuela_galicia_6.jpg\"><img loading=\"lazy\" decoding=\"async\" class=\"size-medium wp-image-598\" src=\"http:\/\/www.iesneiravilas.es\/arquivo\/wp-content\/uploads\/2014\/10\/conferencia_venezuela_galicia_6-300x168.jpg\" alt=\"Conferencia: Venezuela e Galicia\" width=\"300\" height=\"168\" srcset=\"https:\/\/www.iesneiravilas.es\/arquivo\/wp-content\/uploads\/2014\/10\/conferencia_venezuela_galicia_6-300x168.jpg 300w, https:\/\/www.iesneiravilas.es\/arquivo\/wp-content\/uploads\/2014\/10\/conferencia_venezuela_galicia_6-1024x576.jpg 1024w, https:\/\/www.iesneiravilas.es\/arquivo\/wp-content\/uploads\/2014\/10\/conferencia_venezuela_galicia_6.jpg 1600w\" sizes=\"auto, (max-width: 300px) 100vw, 300px\" \/><\/a><figcaption id=\"caption-attachment-598\" class=\"wp-caption-text\">Conferencia: Venezuela e Galicia<\/figcaption><\/figure>\n<p>O d\u00eda 18 de Decembro a se\u00f1ora Adriana Mor\u00edn acud\u00edu \u00f3 noso instituto, dentro das activiades da clase de Xeograf\u00eda, a falar da s\u00faa experiencia como venezolana en Galicia, as diferencias culturais, clim\u00e1tica e econ\u00f3micas. A conferencia estivo dirixida \u00f3 alumnado de 3\u00ba curso e estivo preparada por Irene M\u00edguez e Paula A\u00f1\u00f3n. 6 archivos adjuntos<\/p>\n<div id='gallery-1' class='gallery galleryid-597 gallery-columns-3 gallery-size-thumbnail'><figure class='gallery-item'>\n\t\t\t<div class='gallery-icon landscape'>\n\t\t\t\t<a href='https:\/\/www.iesneiravilas.es\/arquivo\/?attachment_id=599'><img loading=\"lazy\" decoding=\"async\" width=\"150\" height=\"150\" src=\"https:\/\/www.iesneiravilas.es\/arquivo\/wp-content\/uploads\/2014\/10\/conferencia_venezuela_galicia_2-150x150.jpg\" class=\"attachment-thumbnail size-thumbnail\" alt=\"Conferencia: Venezuela e Galicia\" aria-describedby=\"gallery-1-599\" \/><\/a>\n\t\t\t<\/div>\n\t\t\t\t<figcaption class='wp-caption-text gallery-caption' id='gallery-1-599'>\n\t\t\t\tConferencia: Venezuela e Galicia\n\t\t\t\t<\/figcaption><\/figure><figure class='gallery-item'>\n\t\t\t<div class='gallery-icon landscape'>\n\t\t\t\t<a href='https:\/\/www.iesneiravilas.es\/arquivo\/?attachment_id=600'><img loading=\"lazy\" decoding=\"async\" width=\"150\" height=\"150\" src=\"https:\/\/www.iesneiravilas.es\/arquivo\/wp-content\/uploads\/2014\/10\/conferencia_venezuela_galicia_1-150x150.jpg\" class=\"attachment-thumbnail size-thumbnail\" alt=\"\" \/><\/a>\n\t\t\t<\/div><\/figure><figure class='gallery-item'>\n\t\t\t<div class='gallery-icon landscape'>\n\t\t\t\t<a href='https:\/\/www.iesneiravilas.es\/arquivo\/?attachment_id=601'><img loading=\"lazy\" decoding=\"async\" width=\"150\" height=\"150\" src=\"https:\/\/www.iesneiravilas.es\/arquivo\/wp-content\/uploads\/2014\/10\/conferencia_venezuela_galicia_4-150x150.jpg\" class=\"attachment-thumbnail size-thumbnail\" alt=\"\" \/><\/a>\n\t\t\t<\/div><\/figure><figure class='gallery-item'>\n\t\t\t<div class='gallery-icon landscape'>\n\t\t\t\t<a href='https:\/\/www.iesneiravilas.es\/arquivo\/?attachment_id=602'><img loading=\"lazy\" decoding=\"async\" width=\"150\" height=\"150\" src=\"https:\/\/www.iesneiravilas.es\/arquivo\/wp-content\/uploads\/2014\/10\/conferencia_venezuela_galicia_5-150x150.jpg\" class=\"attachment-thumbnail size-thumbnail\" alt=\"\" \/><\/a>\n\t\t\t<\/div><\/figure><figure class='gallery-item'>\n\t\t\t<div class='gallery-icon landscape'>\n\t\t\t\t<a href='https:\/\/www.iesneiravilas.es\/arquivo\/?attachment_id=603'><img loading=\"lazy\" decoding=\"async\" width=\"150\" height=\"150\" src=\"https:\/\/www.iesneiravilas.es\/arquivo\/wp-content\/uploads\/2014\/10\/conferencia_venezuela_galicia_3-150x150.jpg\" class=\"attachment-thumbnail size-thumbnail\" alt=\"\" \/><\/a>\n\t\t\t<\/div><\/figure>\n\t\t<\/div>\n\n","protected":false},"excerpt":{"rendered":"<p>O d\u00eda 18 de Decembro a se\u00f1ora Adriana Mor\u00edn acud\u00edu \u00f3 noso instituto, dentro das activiades da clase de Xeograf\u00eda, a falar da s\u00faa experiencia como venezolana en Galicia, as diferencias culturais, clim\u00e1tica e econ\u00f3micas. A conferencia estivo dirixida \u00f3 alumnado de 3\u00ba curso e estivo preparada por Irene M\u00edguez e Paula A\u00f1\u00f3n. 6 archivos &hellip; <a href=\"https:\/\/www.iesneiravilas.es\/arquivo\/?p=597\" class=\"more-link\">Seguir lendo <span class=\"screen-reader-text\">Venezuela e Galicia<\/span> <span class=\"meta-nav\">&rarr;<\/span><\/a><\/p>\n","protected":false},"author":1,"featured_media":0,"comment_status":"closed","ping_status":"open","sticky":false,"template":"","format":"standard","meta":{"footnotes":""},"categories":[17,31,22],"tags":[50,48,49],"class_list":["post-597","post","type-post","status-publish","format-standard","hentry","category-actividades","category-conferencia","category-curso-2013-2014","tag-adriana-morin","tag-irene-miguez","tag-paula-anon"],"_links":{"self":[{"href":"https:\/\/www.iesneiravilas.es\/arquivo\/index.php?rest_route=\/wp\/v2\/posts\/597","targetHints":{"allow":["GET"]}}],"collection":[{"href":"https:\/\/www.iesneiravilas.es\/arquivo\/index.php?rest_route=\/wp\/v2\/posts"}],"about":[{"href":"https:\/\/www.iesneiravilas.es\/arquivo\/index.php?rest_route=\/wp\/v2\/types\/post"}],"author":[{"embeddable":true,"href":"https:\/\/www.iesneiravilas.es\/arquivo\/index.php?rest_route=\/wp\/v2\/users\/1"}],"replies":[{"embeddable":true,"href":"https:\/\/www.iesneiravilas.es\/arquivo\/index.php?rest_route=%2Fwp%2Fv2%2Fcomments&post=597"}],"version-history":[{"count":1,"href":"https:\/\/www.iesneiravilas.es\/arquivo\/index.php?rest_route=\/wp\/v2\/posts\/597\/revisions"}],"predecessor-version":[{"id":604,"href":"https:\/\/www.iesneiravilas.es\/arquivo\/index.php?rest_route=\/wp\/v2\/posts\/597\/revisions\/604"}],"wp:attachment":[{"href":"https:\/\/www.iesneiravilas.es\/arquivo\/index.php?rest_route=%2Fwp%2Fv2%2Fmedia&parent=597"}],"wp:term":[{"taxonomy":"category","embeddable":true,"href":"https:\/\/www.iesneiravilas.es\/arquivo\/index.php?rest_route=%2Fwp%2Fv2%2Fcategories&post=597"},{"taxonomy":"post_tag","embeddable":true,"href":"https:\/\/www.iesneiravilas.es\/arquivo\/index.php?rest_route=%2Fwp%2Fv2%2Ftags&post=597"}],"curies":[{"name":"wp","href":"https:\/\/api.w.org\/{rel}","templated":true}]}}