{"id":627,"date":"2013-12-20T19:45:13","date_gmt":"2013-12-20T17:45:13","guid":{"rendered":"http:\/\/www.iesneiravilas.es\/arquivo\/?p=627"},"modified":"2014-10-05T19:45:59","modified_gmt":"2014-10-05T17:45:59","slug":"olimpiada-alternativa","status":"publish","type":"post","link":"https:\/\/www.iesneiravilas.es\/arquivo\/?p=627","title":{"rendered":"Olimp\u00edada alternativa"},"content":{"rendered":"<figure id=\"attachment_628\" aria-describedby=\"caption-attachment-628\" style=\"width: 300px\" class=\"wp-caption alignleft\"><a href=\"http:\/\/www.iesneiravilas.es\/arquivo\/wp-content\/uploads\/2014\/10\/olimpiada_alternativa_1.jpg\"><img loading=\"lazy\" decoding=\"async\" class=\"size-medium wp-image-628\" src=\"http:\/\/www.iesneiravilas.es\/arquivo\/wp-content\/uploads\/2014\/10\/olimpiada_alternativa_1-300x300.jpg\" alt=\"Olimp\u00edada alternativa\" width=\"300\" height=\"300\" srcset=\"https:\/\/www.iesneiravilas.es\/arquivo\/wp-content\/uploads\/2014\/10\/olimpiada_alternativa_1-300x300.jpg 300w, https:\/\/www.iesneiravilas.es\/arquivo\/wp-content\/uploads\/2014\/10\/olimpiada_alternativa_1-150x150.jpg 150w, https:\/\/www.iesneiravilas.es\/arquivo\/wp-content\/uploads\/2014\/10\/olimpiada_alternativa_1-1024x1024.jpg 1024w, https:\/\/www.iesneiravilas.es\/arquivo\/wp-content\/uploads\/2014\/10\/olimpiada_alternativa_1.jpg 1182w\" sizes=\"auto, (max-width: 300px) 100vw, 300px\" \/><\/a><figcaption id=\"caption-attachment-628\" class=\"wp-caption-text\">Olimp\u00edada alternativa<\/figcaption><\/figure>\n<p>O remate do primeiro trimestre realizouse con esta actividade na que competiron todas as parellas que se poideron formar co alumnado de ESO 1\u00ba, 2\u00ba e 4\u00ba (os de 3\u00ba estaban de concerto na F\u00e1brica).<\/p>\n<p>Os participantes somet\u00e9ronse a un total de dez probas dirixidas polo alumnado de 1\u00ba de Bacharelato nas que se puxeron a proba \u00e1s s\u00faas destrezas f\u00edsicas, as s\u00faas habilidades motrices, os seus referentes culturais a as s\u00faas capaciades memor\u00edsticas, sensitivas e interpretarivas.<\/p>\n<p>A competici\u00f3n organizouse por niveis resultado ganadoras as seguintes parellas: Noem\u00ed Iglesias \u2013 Amanda Mu\u00f1oz (1\u00ba), Ant\u00eda Gonz\u00e1lez \u2013 Sandra Gonz\u00e1lez (2\u00ba) e Alberto Basante \u2013 Pedro \u00c1lvarez (4\u00ba).<\/p>\n<div id='gallery-1' class='gallery galleryid-627 gallery-columns-3 gallery-size-thumbnail'><figure class='gallery-item'>\n\t\t\t<div class='gallery-icon portrait'>\n\t\t\t\t<a href='https:\/\/www.iesneiravilas.es\/arquivo\/?attachment_id=629'><img loading=\"lazy\" decoding=\"async\" width=\"150\" height=\"150\" src=\"https:\/\/www.iesneiravilas.es\/arquivo\/wp-content\/uploads\/2014\/10\/olimpiada_alternativa_2-150x150.jpg\" class=\"attachment-thumbnail size-thumbnail\" alt=\"Olimp\u00edada alternativa\" aria-describedby=\"gallery-1-629\" \/><\/a>\n\t\t\t<\/div>\n\t\t\t\t<figcaption class='wp-caption-text gallery-caption' id='gallery-1-629'>\n\t\t\t\tOlimp\u00edada alternativa\n\t\t\t\t<\/figcaption><\/figure><figure class='gallery-item'>\n\t\t\t<div class='gallery-icon landscape'>\n\t\t\t\t<a href='https:\/\/www.iesneiravilas.es\/arquivo\/?attachment_id=630'><img loading=\"lazy\" decoding=\"async\" width=\"150\" height=\"150\" src=\"https:\/\/www.iesneiravilas.es\/arquivo\/wp-content\/uploads\/2014\/10\/olimpiada_alternativa_3-150x150.jpg\" class=\"attachment-thumbnail size-thumbnail\" alt=\"\" aria-describedby=\"gallery-1-630\" \/><\/a>\n\t\t\t<\/div>\n\t\t\t\t<figcaption class='wp-caption-text gallery-caption' id='gallery-1-630'>\n\t\t\t\tOlimp\u00edada alternativa\n\t\t\t\t<\/figcaption><\/figure><figure class='gallery-item'>\n\t\t\t<div class='gallery-icon landscape'>\n\t\t\t\t<a href='https:\/\/www.iesneiravilas.es\/arquivo\/?attachment_id=631'><img loading=\"lazy\" decoding=\"async\" width=\"150\" height=\"150\" src=\"https:\/\/www.iesneiravilas.es\/arquivo\/wp-content\/uploads\/2014\/10\/olimpiada_alternativa_4-150x150.jpg\" class=\"attachment-thumbnail size-thumbnail\" alt=\"\" aria-describedby=\"gallery-1-631\" \/><\/a>\n\t\t\t<\/div>\n\t\t\t\t<figcaption class='wp-caption-text gallery-caption' id='gallery-1-631'>\n\t\t\t\tOlimp\u00edada alternativa\n\t\t\t\t<\/figcaption><\/figure><figure class='gallery-item'>\n\t\t\t<div class='gallery-icon landscape'>\n\t\t\t\t<a href='https:\/\/www.iesneiravilas.es\/arquivo\/?attachment_id=632'><img loading=\"lazy\" decoding=\"async\" width=\"150\" height=\"150\" src=\"https:\/\/www.iesneiravilas.es\/arquivo\/wp-content\/uploads\/2014\/10\/olimpiada_alternativa_5-150x150.jpg\" class=\"attachment-thumbnail size-thumbnail\" alt=\"\" aria-describedby=\"gallery-1-632\" \/><\/a>\n\t\t\t<\/div>\n\t\t\t\t<figcaption class='wp-caption-text gallery-caption' id='gallery-1-632'>\n\t\t\t\tOlimp\u00edada alternativa\n\t\t\t\t<\/figcaption><\/figure>\n\t\t<\/div>\n\n","protected":false},"excerpt":{"rendered":"<p>O remate do primeiro trimestre realizouse con esta actividade na que competiron todas as parellas que se poideron formar co alumnado de ESO 1\u00ba, 2\u00ba e 4\u00ba (os de 3\u00ba estaban de concerto na F\u00e1brica). Os participantes somet\u00e9ronse a un total de dez probas dirixidas polo alumnado de 1\u00ba de Bacharelato nas que se puxeron &hellip; <a href=\"https:\/\/www.iesneiravilas.es\/arquivo\/?p=627\" class=\"more-link\">Seguir lendo <span class=\"screen-reader-text\">Olimp\u00edada alternativa<\/span> <span class=\"meta-nav\">&rarr;<\/span><\/a><\/p>\n","protected":false},"author":1,"featured_media":0,"comment_status":"closed","ping_status":"open","sticky":false,"template":"","format":"standard","meta":{"footnotes":""},"categories":[17,22],"tags":[63,61,58,59,57,62,60],"class_list":["post-627","post","type-post","status-publish","format-standard","hentry","category-actividades","category-curso-2013-2014","tag-a-fabrica","tag-alberto-basante","tag-amanda-munoz","tag-antia-gonzalez","tag-noemi-iglesias","tag-pedro-alvarez","tag-sandra-gonzalez"],"_links":{"self":[{"href":"https:\/\/www.iesneiravilas.es\/arquivo\/index.php?rest_route=\/wp\/v2\/posts\/627","targetHints":{"allow":["GET"]}}],"collection":[{"href":"https:\/\/www.iesneiravilas.es\/arquivo\/index.php?rest_route=\/wp\/v2\/posts"}],"about":[{"href":"https:\/\/www.iesneiravilas.es\/arquivo\/index.php?rest_route=\/wp\/v2\/types\/post"}],"author":[{"embeddable":true,"href":"https:\/\/www.iesneiravilas.es\/arquivo\/index.php?rest_route=\/wp\/v2\/users\/1"}],"replies":[{"embeddable":true,"href":"https:\/\/www.iesneiravilas.es\/arquivo\/index.php?rest_route=%2Fwp%2Fv2%2Fcomments&post=627"}],"version-history":[{"count":1,"href":"https:\/\/www.iesneiravilas.es\/arquivo\/index.php?rest_route=\/wp\/v2\/posts\/627\/revisions"}],"predecessor-version":[{"id":633,"href":"https:\/\/www.iesneiravilas.es\/arquivo\/index.php?rest_route=\/wp\/v2\/posts\/627\/revisions\/633"}],"wp:attachment":[{"href":"https:\/\/www.iesneiravilas.es\/arquivo\/index.php?rest_route=%2Fwp%2Fv2%2Fmedia&parent=627"}],"wp:term":[{"taxonomy":"category","embeddable":true,"href":"https:\/\/www.iesneiravilas.es\/arquivo\/index.php?rest_route=%2Fwp%2Fv2%2Fcategories&post=627"},{"taxonomy":"post_tag","embeddable":true,"href":"https:\/\/www.iesneiravilas.es\/arquivo\/index.php?rest_route=%2Fwp%2Fv2%2Ftags&post=627"}],"curies":[{"name":"wp","href":"https:\/\/api.w.org\/{rel}","templated":true}]}}