{"id":658,"date":"2014-04-07T20:01:08","date_gmt":"2014-04-07T18:01:08","guid":{"rendered":"http:\/\/www.iesneiravilas.es\/arquivo\/?p=658"},"modified":"2014-10-11T20:02:09","modified_gmt":"2014-10-11T18:02:09","slug":"actividades-de-promocion-da-lectura-semana-25-do-neira","status":"publish","type":"post","link":"https:\/\/www.iesneiravilas.es\/arquivo\/?p=658","title":{"rendered":"Actividades de promoci\u00f3n da lectura (Semana 25 do Neira)"},"content":{"rendered":"<figure id=\"attachment_659\" aria-describedby=\"caption-attachment-659\" style=\"width: 300px\" class=\"wp-caption alignleft\"><a href=\"http:\/\/www.iesneiravilas.es\/arquivo\/wp-content\/uploads\/2014\/10\/poesia_4.jpg\"><img loading=\"lazy\" decoding=\"async\" class=\"size-medium wp-image-659\" src=\"http:\/\/www.iesneiravilas.es\/arquivo\/wp-content\/uploads\/2014\/10\/poesia_4-300x168.jpg\" alt=\"Actividades de promoci\u00f3n da lectura \" width=\"300\" height=\"168\" srcset=\"https:\/\/www.iesneiravilas.es\/arquivo\/wp-content\/uploads\/2014\/10\/poesia_4-300x168.jpg 300w, https:\/\/www.iesneiravilas.es\/arquivo\/wp-content\/uploads\/2014\/10\/poesia_4-1024x575.jpg 1024w, https:\/\/www.iesneiravilas.es\/arquivo\/wp-content\/uploads\/2014\/10\/poesia_4.jpg 1835w\" sizes=\"auto, (max-width: 300px) 100vw, 300px\" \/><\/a><figcaption id=\"caption-attachment-659\" class=\"wp-caption-text\">Actividades de promoci\u00f3n da lectura<\/figcaption><\/figure>\n<p>Promovidas pola Conceller\u00eda de Cultura e Normalizaci\u00f3n Ling\u00fc\u00edstica de Oleiros celebr\u00e1ronse dentro desta semana as seguintes actividades:<\/p>\n<p>Na biblioteca Rialeda:<\/p>\n<ul>\n<li>Luns: <b>Obradoiro de poes\u00eda<\/b>, coa poeta Yolanda Casta\u00f1o, para ESO 4\u00ba.<\/li>\n<li>M\u00e9rcores: <b>O coraz\u00f3n delator e outros contos de Allan Poe<\/b>. espect\u00e1culo da actriz Soledad Felloza, para ESO 3\u00ba.<\/li>\n<li>Xoves: <b>Las ingeniosas del hidalgo<\/b>, coa actriz Soledad Felloza, para BAC 1\u00ba.<\/li>\n<li>Venres: <b>La voz a ti debida de Pedro Salinas<\/b>, recital po\u00e9tico da actriz Soledad Felloza, para BAC 2\u00ba.<\/li>\n<\/ul>\n<p>No teatro das Torres de Sta Cruz:<\/p>\n<ul>\n<li>Luns: <b>Hip-hop, poema pop<\/b>, con Modestos contos de Boadway, para ESO 2\u00ba.<\/li>\n<li>Martes: <b>Xeograf\u00eda do imaxinario<\/b>, coa actriz Soledad Felloza, para ESO 1\u00ba.<\/li>\n<li><div id='gallery-1' class='gallery galleryid-658 gallery-columns-3 gallery-size-thumbnail'><figure class='gallery-item'>\n\t\t\t<div class='gallery-icon landscape'>\n\t\t\t\t<a href='https:\/\/www.iesneiravilas.es\/arquivo\/?attachment_id=660'><img loading=\"lazy\" decoding=\"async\" width=\"150\" height=\"150\" src=\"https:\/\/www.iesneiravilas.es\/arquivo\/wp-content\/uploads\/2014\/10\/poesia_1-150x150.jpg\" class=\"attachment-thumbnail size-thumbnail\" alt=\"Actividades de promoci\u00f3n da lectura\" aria-describedby=\"gallery-1-660\" \/><\/a>\n\t\t\t<\/div>\n\t\t\t\t<figcaption class='wp-caption-text gallery-caption' id='gallery-1-660'>\n\t\t\t\tActividades de promoci\u00f3n da lectura \n\t\t\t\t<\/figcaption><\/figure><figure class='gallery-item'>\n\t\t\t<div class='gallery-icon portrait'>\n\t\t\t\t<a href='https:\/\/www.iesneiravilas.es\/arquivo\/?attachment_id=661'><img loading=\"lazy\" decoding=\"async\" width=\"150\" height=\"150\" src=\"https:\/\/www.iesneiravilas.es\/arquivo\/wp-content\/uploads\/2014\/10\/poesia_3-150x150.jpg\" class=\"attachment-thumbnail size-thumbnail\" alt=\"Actividades de promoci\u00f3n da lectura\" aria-describedby=\"gallery-1-661\" \/><\/a>\n\t\t\t<\/div>\n\t\t\t\t<figcaption class='wp-caption-text gallery-caption' id='gallery-1-661'>\n\t\t\t\tActividades de promoci\u00f3n da lectura \n\t\t\t\t<\/figcaption><\/figure><figure class='gallery-item'>\n\t\t\t<div class='gallery-icon landscape'>\n\t\t\t\t<a href='https:\/\/www.iesneiravilas.es\/arquivo\/?attachment_id=662'><img loading=\"lazy\" decoding=\"async\" width=\"150\" height=\"150\" src=\"https:\/\/www.iesneiravilas.es\/arquivo\/wp-content\/uploads\/2014\/10\/poesia_2-150x150.jpg\" class=\"attachment-thumbnail size-thumbnail\" alt=\"Actividades de promoci\u00f3n da lectura\" aria-describedby=\"gallery-1-662\" \/><\/a>\n\t\t\t<\/div>\n\t\t\t\t<figcaption class='wp-caption-text gallery-caption' id='gallery-1-662'>\n\t\t\t\tActividades de promoci\u00f3n da lectura \n\t\t\t\t<\/figcaption><\/figure><figure class='gallery-item'>\n\t\t\t<div class='gallery-icon landscape'>\n\t\t\t\t<a href='https:\/\/www.iesneiravilas.es\/arquivo\/?attachment_id=663'><img loading=\"lazy\" decoding=\"async\" width=\"150\" height=\"150\" src=\"https:\/\/www.iesneiravilas.es\/arquivo\/wp-content\/uploads\/2014\/10\/poesia_5-150x150.jpg\" class=\"attachment-thumbnail size-thumbnail\" alt=\"Actividades de promoci\u00f3n da lectura\" aria-describedby=\"gallery-1-663\" \/><\/a>\n\t\t\t<\/div>\n\t\t\t\t<figcaption class='wp-caption-text gallery-caption' id='gallery-1-663'>\n\t\t\t\tActividades de promoci\u00f3n da lectura \n\t\t\t\t<\/figcaption><\/figure><figure class='gallery-item'>\n\t\t\t<div class='gallery-icon landscape'>\n\t\t\t\t<a href='https:\/\/www.iesneiravilas.es\/arquivo\/?attachment_id=664'><img loading=\"lazy\" decoding=\"async\" width=\"150\" height=\"150\" src=\"https:\/\/www.iesneiravilas.es\/arquivo\/wp-content\/uploads\/2014\/10\/poesia_8-150x150.jpg\" class=\"attachment-thumbnail size-thumbnail\" alt=\"Actividades de promoci\u00f3n da lectura\" aria-describedby=\"gallery-1-664\" \/><\/a>\n\t\t\t<\/div>\n\t\t\t\t<figcaption class='wp-caption-text gallery-caption' id='gallery-1-664'>\n\t\t\t\tActividades de promoci\u00f3n da lectura \n\t\t\t\t<\/figcaption><\/figure><figure class='gallery-item'>\n\t\t\t<div class='gallery-icon landscape'>\n\t\t\t\t<a href='https:\/\/www.iesneiravilas.es\/arquivo\/?attachment_id=665'><img loading=\"lazy\" decoding=\"async\" width=\"150\" height=\"150\" src=\"https:\/\/www.iesneiravilas.es\/arquivo\/wp-content\/uploads\/2014\/10\/poesia_7-150x150.jpg\" class=\"attachment-thumbnail size-thumbnail\" alt=\"Actividades de promoci\u00f3n da lectura\" aria-describedby=\"gallery-1-665\" \/><\/a>\n\t\t\t<\/div>\n\t\t\t\t<figcaption class='wp-caption-text gallery-caption' id='gallery-1-665'>\n\t\t\t\tActividades de promoci\u00f3n da lectura \n\t\t\t\t<\/figcaption><\/figure><figure class='gallery-item'>\n\t\t\t<div class='gallery-icon landscape'>\n\t\t\t\t<a href='https:\/\/www.iesneiravilas.es\/arquivo\/?attachment_id=666'><img loading=\"lazy\" decoding=\"async\" width=\"150\" height=\"150\" src=\"https:\/\/www.iesneiravilas.es\/arquivo\/wp-content\/uploads\/2014\/10\/poesia_6-150x150.jpg\" class=\"attachment-thumbnail size-thumbnail\" alt=\"Actividades de promoci\u00f3n da lectura\" aria-describedby=\"gallery-1-666\" \/><\/a>\n\t\t\t<\/div>\n\t\t\t\t<figcaption class='wp-caption-text gallery-caption' id='gallery-1-666'>\n\t\t\t\tActividades de promoci\u00f3n da lectura \n\t\t\t\t<\/figcaption><\/figure><figure class='gallery-item'>\n\t\t\t<div class='gallery-icon landscape'>\n\t\t\t\t<a href='https:\/\/www.iesneiravilas.es\/arquivo\/?attachment_id=659'><img loading=\"lazy\" decoding=\"async\" width=\"150\" height=\"150\" src=\"https:\/\/www.iesneiravilas.es\/arquivo\/wp-content\/uploads\/2014\/10\/poesia_4-150x150.jpg\" class=\"attachment-thumbnail size-thumbnail\" alt=\"Actividades de promoci\u00f3n da lectura\" aria-describedby=\"gallery-1-659\" \/><\/a>\n\t\t\t<\/div>\n\t\t\t\t<figcaption class='wp-caption-text gallery-caption' id='gallery-1-659'>\n\t\t\t\tActividades de promoci\u00f3n da lectura \n\t\t\t\t<\/figcaption><\/figure>\n\t\t<\/div>\n<\/li>\n<\/ul>\n","protected":false},"excerpt":{"rendered":"<p>Promovidas pola Conceller\u00eda de Cultura e Normalizaci\u00f3n Ling\u00fc\u00edstica de Oleiros celebr\u00e1ronse dentro desta semana as seguintes actividades: Na biblioteca Rialeda: Luns: Obradoiro de poes\u00eda, coa poeta Yolanda Casta\u00f1o, para ESO 4\u00ba. M\u00e9rcores: O coraz\u00f3n delator e outros contos de Allan Poe. espect\u00e1culo da actriz Soledad Felloza, para ESO 3\u00ba. Xoves: Las ingeniosas del hidalgo, coa &hellip; <a href=\"https:\/\/www.iesneiravilas.es\/arquivo\/?p=658\" class=\"more-link\">Seguir lendo <span class=\"screen-reader-text\">Actividades de promoci\u00f3n da lectura (Semana 25 do Neira)<\/span> <span class=\"meta-nav\">&rarr;<\/span><\/a><\/p>\n","protected":false},"author":1,"featured_media":0,"comment_status":"closed","ping_status":"open","sticky":false,"template":"","format":"standard","meta":{"footnotes":""},"categories":[115,17,22],"tags":[74,172,171],"class_list":["post-658","post","type-post","status-publish","format-standard","hentry","category-25_do_neira","category-actividades","category-curso-2013-2014","tag-promocion-da-lectura","tag-soledad-felloza","tag-yolanda-castano"],"_links":{"self":[{"href":"https:\/\/www.iesneiravilas.es\/arquivo\/index.php?rest_route=\/wp\/v2\/posts\/658","targetHints":{"allow":["GET"]}}],"collection":[{"href":"https:\/\/www.iesneiravilas.es\/arquivo\/index.php?rest_route=\/wp\/v2\/posts"}],"about":[{"href":"https:\/\/www.iesneiravilas.es\/arquivo\/index.php?rest_route=\/wp\/v2\/types\/post"}],"author":[{"embeddable":true,"href":"https:\/\/www.iesneiravilas.es\/arquivo\/index.php?rest_route=\/wp\/v2\/users\/1"}],"replies":[{"embeddable":true,"href":"https:\/\/www.iesneiravilas.es\/arquivo\/index.php?rest_route=%2Fwp%2Fv2%2Fcomments&post=658"}],"version-history":[{"count":1,"href":"https:\/\/www.iesneiravilas.es\/arquivo\/index.php?rest_route=\/wp\/v2\/posts\/658\/revisions"}],"predecessor-version":[{"id":667,"href":"https:\/\/www.iesneiravilas.es\/arquivo\/index.php?rest_route=\/wp\/v2\/posts\/658\/revisions\/667"}],"wp:attachment":[{"href":"https:\/\/www.iesneiravilas.es\/arquivo\/index.php?rest_route=%2Fwp%2Fv2%2Fmedia&parent=658"}],"wp:term":[{"taxonomy":"category","embeddable":true,"href":"https:\/\/www.iesneiravilas.es\/arquivo\/index.php?rest_route=%2Fwp%2Fv2%2Fcategories&post=658"},{"taxonomy":"post_tag","embeddable":true,"href":"https:\/\/www.iesneiravilas.es\/arquivo\/index.php?rest_route=%2Fwp%2Fv2%2Ftags&post=658"}],"curies":[{"name":"wp","href":"https:\/\/api.w.org\/{rel}","templated":true}]}}