{"id":762,"date":"2014-05-16T09:59:41","date_gmt":"2014-05-16T07:59:41","guid":{"rendered":"http:\/\/www.iesneiravilas.es\/arquivo\/?p=762"},"modified":"2014-10-11T19:57:13","modified_gmt":"2014-10-11T17:57:13","slug":"excursion-do-equipo-de-convivencia-e-mediacion","status":"publish","type":"post","link":"https:\/\/www.iesneiravilas.es\/arquivo\/?p=762","title":{"rendered":"Excursi\u00f3n do Equipo de Convivencia e Mediaci\u00f3n"},"content":{"rendered":"<figure id=\"attachment_763\" aria-describedby=\"caption-attachment-763\" style=\"width: 300px\" class=\"wp-caption alignleft\"><a href=\"http:\/\/www.iesneiravilas.es\/arquivo\/wp-content\/uploads\/2014\/10\/convivencia_e_mediacion_1.jpg\"><img loading=\"lazy\" decoding=\"async\" class=\"size-medium wp-image-763\" src=\"http:\/\/www.iesneiravilas.es\/arquivo\/wp-content\/uploads\/2014\/10\/convivencia_e_mediacion_1-300x168.jpg\" alt=\"Excursi\u00f3n do Equipo de Convivencia e Mediaci\u00f3n\" width=\"300\" height=\"168\" srcset=\"https:\/\/www.iesneiravilas.es\/arquivo\/wp-content\/uploads\/2014\/10\/convivencia_e_mediacion_1-300x168.jpg 300w, https:\/\/www.iesneiravilas.es\/arquivo\/wp-content\/uploads\/2014\/10\/convivencia_e_mediacion_1-1024x576.jpg 1024w, https:\/\/www.iesneiravilas.es\/arquivo\/wp-content\/uploads\/2014\/10\/convivencia_e_mediacion_1.jpg 1920w\" sizes=\"auto, (max-width: 300px) 100vw, 300px\" \/><\/a><figcaption id=\"caption-attachment-763\" class=\"wp-caption-text\">Preparando a actividade<\/figcaption><\/figure>\n<p>O pasado venres, 16 de maio de 2014, o <b>Equipo de Convivencia e Mediaci\u00f3n<\/b> realizou unha visita ao Monte de San Pedro en A Coru\u00f1a.<\/p>\n<p>Foi unha xornada de convivencia na que tivemos a oportunidade de visitar un antigo escenario b\u00e9lico, hoxe reconvertido felizmente en parque urbano, e na que aproveitamos para facer adestramento en t\u00e9cnicas de mediaci\u00f3n escolar.<\/p>\n<p>O adestramento consist\u00edu na realizaci\u00f3n, mediante dramatizaci\u00f3n, dun suposto de conflito entre alumnos. Os membros do equipo distribu\u00edronse en cinco pequenos grupos nos que alg\u00fans alumnos ti\u00f1an o rol de persoa en conflito, outros de mediadores e outros m\u00e1is de observadores do proceso.<\/p>\n<p>Rematouse a actividade cunha posta en com\u00fan na que intentamos sacar conclusi\u00f3ns para mellorar a nosa actividade como mediadores.<\/p>\n<p>Despois do adestramento tivemos a oportunidade de dar un paseo polo fermoso parque do Monte de San Pedro, visitando o Mirador, o Laberinto Ingl\u00e9s e o parque de xogos.<\/p>\n<p>Foi, a pesar do vento, un estupendo d\u00eda de sol no que salientou a boa convivencia, a colaboraci\u00f3n do alumnado e as impresionantes vistas da cidade e da bah\u00eda.<\/p>\n<div id='gallery-1' class='gallery galleryid-762 gallery-columns-3 gallery-size-thumbnail'><figure class='gallery-item'>\n\t\t\t<div class='gallery-icon landscape'>\n\t\t\t\t<a href='https:\/\/www.iesneiravilas.es\/arquivo\/?attachment_id=764'><img loading=\"lazy\" decoding=\"async\" width=\"150\" height=\"150\" src=\"https:\/\/www.iesneiravilas.es\/arquivo\/wp-content\/uploads\/2014\/10\/convivencia_e_mediacion_2-150x150.jpg\" class=\"attachment-thumbnail size-thumbnail\" alt=\"\" aria-describedby=\"gallery-1-764\" \/><\/a>\n\t\t\t<\/div>\n\t\t\t\t<figcaption class='wp-caption-text gallery-caption' id='gallery-1-764'>\n\t\t\t\tAo pe do ca\u00f1\u00f3n\n\t\t\t\t<\/figcaption><\/figure><figure class='gallery-item'>\n\t\t\t<div class='gallery-icon landscape'>\n\t\t\t\t<a href='https:\/\/www.iesneiravilas.es\/arquivo\/?attachment_id=765'><img loading=\"lazy\" decoding=\"async\" width=\"150\" height=\"150\" src=\"https:\/\/www.iesneiravilas.es\/arquivo\/wp-content\/uploads\/2014\/10\/convivencia_e_mediacion_3-150x150.jpg\" class=\"attachment-thumbnail size-thumbnail\" alt=\"Organizando\" aria-describedby=\"gallery-1-765\" \/><\/a>\n\t\t\t<\/div>\n\t\t\t\t<figcaption class='wp-caption-text gallery-caption' id='gallery-1-765'>\n\t\t\t\tOrganizando\n\t\t\t\t<\/figcaption><\/figure><figure class='gallery-item'>\n\t\t\t<div class='gallery-icon landscape'>\n\t\t\t\t<a href='https:\/\/www.iesneiravilas.es\/arquivo\/?attachment_id=766'><img loading=\"lazy\" decoding=\"async\" width=\"150\" height=\"150\" src=\"https:\/\/www.iesneiravilas.es\/arquivo\/wp-content\/uploads\/2014\/10\/convivencia_e_mediacion_4-150x150.jpg\" class=\"attachment-thumbnail size-thumbnail\" alt=\"Entren\u00e1ndonos para que o can\u00f3n do fondo siga sendo un adorno\" aria-describedby=\"gallery-1-766\" \/><\/a>\n\t\t\t<\/div>\n\t\t\t\t<figcaption class='wp-caption-text gallery-caption' id='gallery-1-766'>\n\t\t\t\tEntren\u00e1ndonos para que o can\u00f3n do fondo siga sendo un adorno\n\t\t\t\t<\/figcaption><\/figure><figure class='gallery-item'>\n\t\t\t<div class='gallery-icon landscape'>\n\t\t\t\t<a href='https:\/\/www.iesneiravilas.es\/arquivo\/?attachment_id=767'><img loading=\"lazy\" decoding=\"async\" width=\"150\" height=\"150\" src=\"https:\/\/www.iesneiravilas.es\/arquivo\/wp-content\/uploads\/2014\/10\/convivencia_e_mediacion_5-150x150.jpg\" class=\"attachment-thumbnail size-thumbnail\" alt=\"Protex\u00e9ndose do sol co caderni\u00f1o de mediaci\u00f3n...\" aria-describedby=\"gallery-1-767\" \/><\/a>\n\t\t\t<\/div>\n\t\t\t\t<figcaption class='wp-caption-text gallery-caption' id='gallery-1-767'>\n\t\t\t\tProtex\u00e9ndose do sol co caderni\u00f1o de mediaci\u00f3n&#8230;\n\t\t\t\t<\/figcaption><\/figure><figure class='gallery-item'>\n\t\t\t<div class='gallery-icon landscape'>\n\t\t\t\t<a href='https:\/\/www.iesneiravilas.es\/arquivo\/?attachment_id=768'><img loading=\"lazy\" decoding=\"async\" width=\"150\" height=\"150\" src=\"https:\/\/www.iesneiravilas.es\/arquivo\/wp-content\/uploads\/2014\/10\/convivencia_e_mediacion_6-150x150.jpg\" class=\"attachment-thumbnail size-thumbnail\" alt=\"No mirador\" aria-describedby=\"gallery-1-768\" \/><\/a>\n\t\t\t<\/div>\n\t\t\t\t<figcaption class='wp-caption-text gallery-caption' id='gallery-1-768'>\n\t\t\t\tNo mirador\n\t\t\t\t<\/figcaption><\/figure><figure class='gallery-item'>\n\t\t\t<div class='gallery-icon landscape'>\n\t\t\t\t<a href='https:\/\/www.iesneiravilas.es\/arquivo\/?attachment_id=769'><img loading=\"lazy\" decoding=\"async\" width=\"150\" height=\"150\" src=\"https:\/\/www.iesneiravilas.es\/arquivo\/wp-content\/uploads\/2014\/10\/convivencia_e_mediacion_7-150x150.jpg\" class=\"attachment-thumbnail size-thumbnail\" alt=\"Consultando en Google as conclusiones\" aria-describedby=\"gallery-1-769\" \/><\/a>\n\t\t\t<\/div>\n\t\t\t\t<figcaption class='wp-caption-text gallery-caption' id='gallery-1-769'>\n\t\t\t\tConsultando en Google as conclusiones\n\t\t\t\t<\/figcaption><\/figure><figure class='gallery-item'>\n\t\t\t<div class='gallery-icon landscape'>\n\t\t\t\t<a href='https:\/\/www.iesneiravilas.es\/arquivo\/?attachment_id=770'><img loading=\"lazy\" decoding=\"async\" width=\"150\" height=\"150\" src=\"https:\/\/www.iesneiravilas.es\/arquivo\/wp-content\/uploads\/2014\/10\/convivencia_e_mediacion_8-150x150.jpg\" class=\"attachment-thumbnail size-thumbnail\" alt=\"Estudiando o cadernillo de mediaci\u00f3n\" aria-describedby=\"gallery-1-770\" \/><\/a>\n\t\t\t<\/div>\n\t\t\t\t<figcaption class='wp-caption-text gallery-caption' id='gallery-1-770'>\n\t\t\t\tEstudiando o cadernillo de mediaci\u00f3n\n\t\t\t\t<\/figcaption><\/figure><figure class='gallery-item'>\n\t\t\t<div class='gallery-icon landscape'>\n\t\t\t\t<a href='https:\/\/www.iesneiravilas.es\/arquivo\/?attachment_id=771'><img loading=\"lazy\" decoding=\"async\" width=\"150\" height=\"150\" src=\"https:\/\/www.iesneiravilas.es\/arquivo\/wp-content\/uploads\/2014\/10\/convivencia_e_mediacion_9-150x150.jpg\" class=\"attachment-thumbnail size-thumbnail\" alt=\"Foto de grupo con polvo\" aria-describedby=\"gallery-1-771\" \/><\/a>\n\t\t\t<\/div>\n\t\t\t\t<figcaption class='wp-caption-text gallery-caption' id='gallery-1-771'>\n\t\t\t\tFoto de grupo con polvo\n\t\t\t\t<\/figcaption><\/figure><figure class='gallery-item'>\n\t\t\t<div class='gallery-icon landscape'>\n\t\t\t\t<a href='https:\/\/www.iesneiravilas.es\/arquivo\/?attachment_id=763'><img loading=\"lazy\" decoding=\"async\" width=\"150\" height=\"150\" src=\"https:\/\/www.iesneiravilas.es\/arquivo\/wp-content\/uploads\/2014\/10\/convivencia_e_mediacion_1-150x150.jpg\" class=\"attachment-thumbnail size-thumbnail\" alt=\"Excursi\u00f3n do Equipo de Convivencia e Mediaci\u00f3n\" aria-describedby=\"gallery-1-763\" \/><\/a>\n\t\t\t<\/div>\n\t\t\t\t<figcaption class='wp-caption-text gallery-caption' id='gallery-1-763'>\n\t\t\t\tPreparando a actividade\n\t\t\t\t<\/figcaption><\/figure>\n\t\t<\/div>\n\n","protected":false},"excerpt":{"rendered":"<p>O pasado venres, 16 de maio de 2014, o Equipo de Convivencia e Mediaci\u00f3n realizou unha visita ao Monte de San Pedro en A Coru\u00f1a. Foi unha xornada de convivencia na que tivemos a oportunidade de visitar un antigo escenario b\u00e9lico, hoxe reconvertido felizmente en parque urbano, e na que aproveitamos para facer adestramento en &hellip; <a href=\"https:\/\/www.iesneiravilas.es\/arquivo\/?p=762\" class=\"more-link\">Seguir lendo <span class=\"screen-reader-text\">Excursi\u00f3n do Equipo de Convivencia e Mediaci\u00f3n<\/span> <span class=\"meta-nav\">&rarr;<\/span><\/a><\/p>\n","protected":false},"author":1,"featured_media":0,"comment_status":"closed","ping_status":"open","sticky":false,"template":"","format":"standard","meta":{"footnotes":""},"categories":[17,22],"tags":[108,165],"class_list":["post-762","post","type-post","status-publish","format-standard","hentry","category-actividades","category-curso-2013-2014","tag-convivencia-e-mediacion","tag-monte-de-san-pedro"],"_links":{"self":[{"href":"https:\/\/www.iesneiravilas.es\/arquivo\/index.php?rest_route=\/wp\/v2\/posts\/762","targetHints":{"allow":["GET"]}}],"collection":[{"href":"https:\/\/www.iesneiravilas.es\/arquivo\/index.php?rest_route=\/wp\/v2\/posts"}],"about":[{"href":"https:\/\/www.iesneiravilas.es\/arquivo\/index.php?rest_route=\/wp\/v2\/types\/post"}],"author":[{"embeddable":true,"href":"https:\/\/www.iesneiravilas.es\/arquivo\/index.php?rest_route=\/wp\/v2\/users\/1"}],"replies":[{"embeddable":true,"href":"https:\/\/www.iesneiravilas.es\/arquivo\/index.php?rest_route=%2Fwp%2Fv2%2Fcomments&post=762"}],"version-history":[{"count":1,"href":"https:\/\/www.iesneiravilas.es\/arquivo\/index.php?rest_route=\/wp\/v2\/posts\/762\/revisions"}],"predecessor-version":[{"id":772,"href":"https:\/\/www.iesneiravilas.es\/arquivo\/index.php?rest_route=\/wp\/v2\/posts\/762\/revisions\/772"}],"wp:attachment":[{"href":"https:\/\/www.iesneiravilas.es\/arquivo\/index.php?rest_route=%2Fwp%2Fv2%2Fmedia&parent=762"}],"wp:term":[{"taxonomy":"category","embeddable":true,"href":"https:\/\/www.iesneiravilas.es\/arquivo\/index.php?rest_route=%2Fwp%2Fv2%2Fcategories&post=762"},{"taxonomy":"post_tag","embeddable":true,"href":"https:\/\/www.iesneiravilas.es\/arquivo\/index.php?rest_route=%2Fwp%2Fv2%2Ftags&post=762"}],"curies":[{"name":"wp","href":"https:\/\/api.w.org\/{rel}","templated":true}]}}