{"id":773,"date":"2014-05-06T10:05:53","date_gmt":"2014-05-06T08:05:53","guid":{"rendered":"http:\/\/www.iesneiravilas.es\/arquivo\/?p=773"},"modified":"2014-10-20T20:21:37","modified_gmt":"2014-10-20T18:21:37","slug":"alumnas-do-neira-vilas-dan-unha-charla-na-facultade-de-pedagoxia","status":"publish","type":"post","link":"https:\/\/www.iesneiravilas.es\/arquivo\/?p=773","title":{"rendered":"Alumnas do Neira Vilas dan unha charla na Facultade de Pedagox\u00eda"},"content":{"rendered":"<figure id=\"attachment_774\" aria-describedby=\"caption-attachment-774\" style=\"width: 284px\" class=\"wp-caption alignleft\"><a href=\"http:\/\/www.iesneiravilas.es\/arquivo\/wp-content\/uploads\/2014\/10\/charla_pedagoxia_5.jpg\"><img loading=\"lazy\" decoding=\"async\" class=\"size-medium wp-image-774\" src=\"http:\/\/www.iesneiravilas.es\/arquivo\/wp-content\/uploads\/2014\/10\/charla_pedagoxia_5-284x300.jpg\" alt=\"charla na Facultade de Pedagox\u00eda\" width=\"284\" height=\"300\" srcset=\"https:\/\/www.iesneiravilas.es\/arquivo\/wp-content\/uploads\/2014\/10\/charla_pedagoxia_5-284x300.jpg 284w, https:\/\/www.iesneiravilas.es\/arquivo\/wp-content\/uploads\/2014\/10\/charla_pedagoxia_5.jpg 972w\" sizes=\"auto, (max-width: 284px) 100vw, 284px\" \/><\/a><figcaption id=\"caption-attachment-774\" class=\"wp-caption-text\">Charla na Facultade de Pedagox\u00eda<\/figcaption><\/figure>\n<p>&#8220;As fontes orais: A biograf\u00eda como m\u00e9todo de traballo na aula&#8221; foi o t\u00edtulo da conferencia impartida na facultade de Pedagox\u00eda polas alumnas Marleni Mart\u00ednez de Jes\u00fas de 2\u00ba curso de ESO e Andrea Ares Montes de 4\u00ba xunto coa profesora de Historia Carmen Garc\u00eda-Rodeja Arrib\u00ed. A conferencia foi presentada pola decana da Facultade.<\/p>\n<div id='gallery-1' class='gallery galleryid-773 gallery-columns-3 gallery-size-thumbnail'><figure class='gallery-item'>\n\t\t\t<div class='gallery-icon landscape'>\n\t\t\t\t<a href='https:\/\/www.iesneiravilas.es\/arquivo\/?attachment_id=775'><img loading=\"lazy\" decoding=\"async\" width=\"150\" height=\"150\" src=\"https:\/\/www.iesneiravilas.es\/arquivo\/wp-content\/uploads\/2014\/10\/charla_pedagoxia_1-150x150.jpg\" class=\"attachment-thumbnail size-thumbnail\" alt=\"Charla na Facultade de Pedagox\u00eda\" aria-describedby=\"gallery-1-775\" \/><\/a>\n\t\t\t<\/div>\n\t\t\t\t<figcaption class='wp-caption-text gallery-caption' id='gallery-1-775'>\n\t\t\t\tCharla na Facultade de Pedagox\u00eda\n\t\t\t\t<\/figcaption><\/figure><figure class='gallery-item'>\n\t\t\t<div class='gallery-icon landscape'>\n\t\t\t\t<a href='https:\/\/www.iesneiravilas.es\/arquivo\/?attachment_id=776'><img loading=\"lazy\" decoding=\"async\" width=\"150\" height=\"150\" src=\"https:\/\/www.iesneiravilas.es\/arquivo\/wp-content\/uploads\/2014\/10\/charla_pedagoxia_2-150x150.jpg\" class=\"attachment-thumbnail size-thumbnail\" alt=\"Charla na Facultade de Pedagox\u00eda\" aria-describedby=\"gallery-1-776\" \/><\/a>\n\t\t\t<\/div>\n\t\t\t\t<figcaption class='wp-caption-text gallery-caption' id='gallery-1-776'>\n\t\t\t\tCharla na Facultade de Pedagox\u00eda\n\t\t\t\t<\/figcaption><\/figure><figure class='gallery-item'>\n\t\t\t<div class='gallery-icon landscape'>\n\t\t\t\t<a href='https:\/\/www.iesneiravilas.es\/arquivo\/?attachment_id=777'><img loading=\"lazy\" decoding=\"async\" width=\"150\" height=\"150\" src=\"https:\/\/www.iesneiravilas.es\/arquivo\/wp-content\/uploads\/2014\/10\/charla_pedagoxia_3-150x150.jpg\" class=\"attachment-thumbnail size-thumbnail\" alt=\"Charla na Facultade de Pedagox\u00eda\" aria-describedby=\"gallery-1-777\" \/><\/a>\n\t\t\t<\/div>\n\t\t\t\t<figcaption class='wp-caption-text gallery-caption' id='gallery-1-777'>\n\t\t\t\tCharla na Facultade de Pedagox\u00eda\n\t\t\t\t<\/figcaption><\/figure><figure class='gallery-item'>\n\t\t\t<div class='gallery-icon landscape'>\n\t\t\t\t<a href='https:\/\/www.iesneiravilas.es\/arquivo\/?attachment_id=778'><img loading=\"lazy\" decoding=\"async\" width=\"150\" height=\"150\" src=\"https:\/\/www.iesneiravilas.es\/arquivo\/wp-content\/uploads\/2014\/10\/charla_pedagoxia_4-150x150.jpg\" class=\"attachment-thumbnail size-thumbnail\" alt=\"Charla na Facultade de Pedagox\u00eda\" aria-describedby=\"gallery-1-778\" \/><\/a>\n\t\t\t<\/div>\n\t\t\t\t<figcaption class='wp-caption-text gallery-caption' id='gallery-1-778'>\n\t\t\t\tCharla na Facultade de Pedagox\u00eda\n\t\t\t\t<\/figcaption><\/figure><figure class='gallery-item'>\n\t\t\t<div class='gallery-icon portrait'>\n\t\t\t\t<a href='https:\/\/www.iesneiravilas.es\/arquivo\/?attachment_id=774'><img loading=\"lazy\" decoding=\"async\" width=\"150\" height=\"150\" src=\"https:\/\/www.iesneiravilas.es\/arquivo\/wp-content\/uploads\/2014\/10\/charla_pedagoxia_5-150x150.jpg\" class=\"attachment-thumbnail size-thumbnail\" alt=\"charla na Facultade de Pedagox\u00eda\" aria-describedby=\"gallery-1-774\" \/><\/a>\n\t\t\t<\/div>\n\t\t\t\t<figcaption class='wp-caption-text gallery-caption' id='gallery-1-774'>\n\t\t\t\tCharla na Facultade de Pedagox\u00eda\n\t\t\t\t<\/figcaption><\/figure>\n\t\t<\/div>\n\n","protected":false},"excerpt":{"rendered":"<p>&#8220;As fontes orais: A biograf\u00eda como m\u00e9todo de traballo na aula&#8221; foi o t\u00edtulo da conferencia impartida na facultade de Pedagox\u00eda polas alumnas Marleni Mart\u00ednez de Jes\u00fas de 2\u00ba curso de ESO e Andrea Ares Montes de 4\u00ba xunto coa profesora de Historia Carmen Garc\u00eda-Rodeja Arrib\u00ed. A conferencia foi presentada pola decana da Facultade.<\/p>\n","protected":false},"author":1,"featured_media":0,"comment_status":"closed","ping_status":"open","sticky":false,"template":"","format":"standard","meta":{"footnotes":""},"categories":[17,22],"tags":[110,388,562],"class_list":["post-773","post","type-post","status-publish","format-standard","hentry","category-actividades","category-curso-2013-2014","tag-andrea-ares","tag-carmen-garcia-rodeja","tag-marleni-martinez"],"_links":{"self":[{"href":"https:\/\/www.iesneiravilas.es\/arquivo\/index.php?rest_route=\/wp\/v2\/posts\/773","targetHints":{"allow":["GET"]}}],"collection":[{"href":"https:\/\/www.iesneiravilas.es\/arquivo\/index.php?rest_route=\/wp\/v2\/posts"}],"about":[{"href":"https:\/\/www.iesneiravilas.es\/arquivo\/index.php?rest_route=\/wp\/v2\/types\/post"}],"author":[{"embeddable":true,"href":"https:\/\/www.iesneiravilas.es\/arquivo\/index.php?rest_route=\/wp\/v2\/users\/1"}],"replies":[{"embeddable":true,"href":"https:\/\/www.iesneiravilas.es\/arquivo\/index.php?rest_route=%2Fwp%2Fv2%2Fcomments&post=773"}],"version-history":[{"count":1,"href":"https:\/\/www.iesneiravilas.es\/arquivo\/index.php?rest_route=\/wp\/v2\/posts\/773\/revisions"}],"predecessor-version":[{"id":779,"href":"https:\/\/www.iesneiravilas.es\/arquivo\/index.php?rest_route=\/wp\/v2\/posts\/773\/revisions\/779"}],"wp:attachment":[{"href":"https:\/\/www.iesneiravilas.es\/arquivo\/index.php?rest_route=%2Fwp%2Fv2%2Fmedia&parent=773"}],"wp:term":[{"taxonomy":"category","embeddable":true,"href":"https:\/\/www.iesneiravilas.es\/arquivo\/index.php?rest_route=%2Fwp%2Fv2%2Fcategories&post=773"},{"taxonomy":"post_tag","embeddable":true,"href":"https:\/\/www.iesneiravilas.es\/arquivo\/index.php?rest_route=%2Fwp%2Fv2%2Ftags&post=773"}],"curies":[{"name":"wp","href":"https:\/\/api.w.org\/{rel}","templated":true}]}}