{"id":780,"date":"2014-05-22T10:10:04","date_gmt":"2014-05-22T08:10:04","guid":{"rendered":"http:\/\/www.iesneiravilas.es\/arquivo\/?p=780"},"modified":"2014-10-13T11:42:01","modified_gmt":"2014-10-13T09:42:01","slug":"vio-intercambio-escolar-i-e-s-p-xose-neira-vilas-de-oleiros-college-notre-dame-le-menimur-skolaj-diwan-ar-mor-bihan-de-vannes","status":"publish","type":"post","link":"https:\/\/www.iesneiravilas.es\/arquivo\/?p=780","title":{"rendered":"VI\u00ba Intercambio Escolar I.E.S.P. Xos\u00e9 Neira Vilas de Oleiros-Coll\u00e8ge Notre Dame Le Menimur Skolaj Diwan Ar Mor-Bihan de Vannes"},"content":{"rendered":"<figure id=\"attachment_781\" aria-describedby=\"caption-attachment-781\" style=\"width: 300px\" class=\"wp-caption alignleft\"><a href=\"http:\/\/www.iesneiravilas.es\/arquivo\/wp-content\/uploads\/2014\/10\/intercambio2014.jpg\"><img loading=\"lazy\" decoding=\"async\" class=\"size-medium wp-image-781\" src=\"http:\/\/www.iesneiravilas.es\/arquivo\/wp-content\/uploads\/2014\/10\/intercambio2014-300x168.jpg\" alt=\"VI\u00ba Intercambio Escolar I.E.S.P. Xos\u00e9 Neira Vilas de Oleiros-Coll\u00e8ge Notre Dame Le Menimur Skolaj Diwan Ar Mor-Bihan de Vannes\" width=\"300\" height=\"168\" srcset=\"https:\/\/www.iesneiravilas.es\/arquivo\/wp-content\/uploads\/2014\/10\/intercambio2014-300x168.jpg 300w, https:\/\/www.iesneiravilas.es\/arquivo\/wp-content\/uploads\/2014\/10\/intercambio2014-1024x576.jpg 1024w, https:\/\/www.iesneiravilas.es\/arquivo\/wp-content\/uploads\/2014\/10\/intercambio2014.jpg 1920w\" sizes=\"auto, (max-width: 300px) 100vw, 300px\" \/><\/a><figcaption id=\"caption-attachment-781\" class=\"wp-caption-text\">VI\u00ba Intercambio Escolar I.E.S.P. Xos\u00e9 Neira Vilas de Oleiros-Coll\u00e8ge Notre Dame Le Menimur Skolaj Diwan Ar Mor-Bihan de Vannes<\/figcaption><\/figure>\n<p>O proximo xoves 22 de maio chegar\u00e1n a Oleiros 30 alumnas e alumnos dos colexios, Coll\u00e8ge Notre Dame Le Menimur et Skolaj Diwan Ar Mor-Bihan de Vannes.<\/p>\n<p>Vir\u00e1n acompa\u00f1ados de d\u00faas profesoras, unha delas xa moi co\u00f1ecida entre nos a profesora Catherine Le Blay. Coma sempre te\u00f1en unha axenda moi apertada e aproveitar\u00e1n para visitar A Coru\u00f1a, Santiago de Compostela, as Rias Baixas e aproveitar\u00e1n para acercarse a Portugal; teremos o s\u00e1bado 24 a tradicional \u201cCea da Amizade \u201c no Centro C\u00edvico de Santalla &#8211; Santa Cruz que o Concello de Oleiros nos cede habitualmente. O regreso a Francia est\u00e1 previsto para o d\u00eda 30 deste mes.<\/p>\n","protected":false},"excerpt":{"rendered":"<p>O proximo xoves 22 de maio chegar\u00e1n a Oleiros 30 alumnas e alumnos dos colexios, Coll\u00e8ge Notre Dame Le Menimur et Skolaj Diwan Ar Mor-Bihan de Vannes. Vir\u00e1n acompa\u00f1ados de d\u00faas profesoras, unha delas xa moi co\u00f1ecida entre nos a profesora Catherine Le Blay. Coma sempre te\u00f1en unha axenda moi apertada e aproveitar\u00e1n para visitar &hellip; <a href=\"https:\/\/www.iesneiravilas.es\/arquivo\/?p=780\" class=\"more-link\">Seguir lendo <span class=\"screen-reader-text\">VI\u00ba Intercambio Escolar I.E.S.P. Xos\u00e9 Neira Vilas de Oleiros-Coll\u00e8ge Notre Dame Le Menimur Skolaj Diwan Ar Mor-Bihan de Vannes<\/span> <span class=\"meta-nav\">&rarr;<\/span><\/a><\/p>\n","protected":false},"author":1,"featured_media":0,"comment_status":"closed","ping_status":"open","sticky":false,"template":"","format":"standard","meta":{"footnotes":""},"categories":[17,22,215],"tags":[113],"class_list":["post-780","post","type-post","status-publish","format-standard","hentry","category-actividades","category-curso-2013-2014","category-intercambio","tag-catherine-le-blay"],"_links":{"self":[{"href":"https:\/\/www.iesneiravilas.es\/arquivo\/index.php?rest_route=\/wp\/v2\/posts\/780","targetHints":{"allow":["GET"]}}],"collection":[{"href":"https:\/\/www.iesneiravilas.es\/arquivo\/index.php?rest_route=\/wp\/v2\/posts"}],"about":[{"href":"https:\/\/www.iesneiravilas.es\/arquivo\/index.php?rest_route=\/wp\/v2\/types\/post"}],"author":[{"embeddable":true,"href":"https:\/\/www.iesneiravilas.es\/arquivo\/index.php?rest_route=\/wp\/v2\/users\/1"}],"replies":[{"embeddable":true,"href":"https:\/\/www.iesneiravilas.es\/arquivo\/index.php?rest_route=%2Fwp%2Fv2%2Fcomments&post=780"}],"version-history":[{"count":1,"href":"https:\/\/www.iesneiravilas.es\/arquivo\/index.php?rest_route=\/wp\/v2\/posts\/780\/revisions"}],"predecessor-version":[{"id":782,"href":"https:\/\/www.iesneiravilas.es\/arquivo\/index.php?rest_route=\/wp\/v2\/posts\/780\/revisions\/782"}],"wp:attachment":[{"href":"https:\/\/www.iesneiravilas.es\/arquivo\/index.php?rest_route=%2Fwp%2Fv2%2Fmedia&parent=780"}],"wp:term":[{"taxonomy":"category","embeddable":true,"href":"https:\/\/www.iesneiravilas.es\/arquivo\/index.php?rest_route=%2Fwp%2Fv2%2Fcategories&post=780"},{"taxonomy":"post_tag","embeddable":true,"href":"https:\/\/www.iesneiravilas.es\/arquivo\/index.php?rest_route=%2Fwp%2Fv2%2Ftags&post=780"}],"curies":[{"name":"wp","href":"https:\/\/api.w.org\/{rel}","templated":true}]}}