{"id":783,"date":"2014-04-07T10:13:05","date_gmt":"2014-04-07T08:13:05","guid":{"rendered":"http:\/\/www.iesneiravilas.es\/arquivo\/?p=783"},"modified":"2014-10-24T18:33:33","modified_gmt":"2014-10-24T16:33:33","slug":"neira-vilas-preside-a-entrada-ao-instituto","status":"publish","type":"post","link":"https:\/\/www.iesneiravilas.es\/arquivo\/?p=783","title":{"rendered":"Neira Vilas preside a entrada ao instituto"},"content":{"rendered":"<figure id=\"attachment_784\" aria-describedby=\"caption-attachment-784\" style=\"width: 300px\" class=\"wp-caption alignleft\"><a href=\"http:\/\/www.iesneiravilas.es\/arquivo\/wp-content\/uploads\/2014\/10\/mural_6.jpg\"><img loading=\"lazy\" decoding=\"async\" class=\"size-medium wp-image-784\" src=\"http:\/\/www.iesneiravilas.es\/arquivo\/wp-content\/uploads\/2014\/10\/mural_6-300x172.jpg\" alt=\"Neira Vilas preside a entrada ao instituto\" width=\"300\" height=\"172\" srcset=\"https:\/\/www.iesneiravilas.es\/arquivo\/wp-content\/uploads\/2014\/10\/mural_6-300x172.jpg 300w, https:\/\/www.iesneiravilas.es\/arquivo\/wp-content\/uploads\/2014\/10\/mural_6-1024x590.jpg 1024w, https:\/\/www.iesneiravilas.es\/arquivo\/wp-content\/uploads\/2014\/10\/mural_6.jpg 1890w\" sizes=\"auto, (max-width: 300px) 100vw, 300px\" \/><\/a><figcaption id=\"caption-attachment-784\" class=\"wp-caption-text\">Contemplado o mural<\/figcaption><\/figure>\n<p>Ao celebrarse o 25 aniversario do instituto era preciso deixar constancia nun lugar emblem\u00e1tico do reco\u00f1ecemnto \u00e1 persoa que lle da nome. Pensouse que a mellor forma ser\u00eda por medio dun mural ubicado na entrada principal do centro que fixera referencia \u00e1 figura de Xos\u00e9 Neira Vilas, ao seu libro senlleiro &#8220;Memorias dun neno labrego&#8221;, ao seu espazo vital no concello de Vila de Cruces e \u00e1s s\u00faas palabras. O mural foi dese\u00f1ado por Sen\u00e9n Olano e inaugurado ao inicio da Semana 25 do Neira.<\/p>\n<div id='gallery-1' class='gallery galleryid-783 gallery-columns-3 gallery-size-thumbnail'><figure class='gallery-item'>\n\t\t\t<div class='gallery-icon landscape'>\n\t\t\t\t<a href='https:\/\/www.iesneiravilas.es\/arquivo\/?attachment_id=785'><img loading=\"lazy\" decoding=\"async\" width=\"150\" height=\"150\" src=\"https:\/\/www.iesneiravilas.es\/arquivo\/wp-content\/uploads\/2014\/10\/mural_1-150x150.jpg\" class=\"attachment-thumbnail size-thumbnail\" alt=\"Neira Vilas preside a entrada ao instituto\" aria-describedby=\"gallery-1-785\" \/><\/a>\n\t\t\t<\/div>\n\t\t\t\t<figcaption class='wp-caption-text gallery-caption' id='gallery-1-785'>\n\t\t\t\tParte esquerda do mural\n\t\t\t\t<\/figcaption><\/figure><figure class='gallery-item'>\n\t\t\t<div class='gallery-icon portrait'>\n\t\t\t\t<a href='https:\/\/www.iesneiravilas.es\/arquivo\/?attachment_id=786'><img loading=\"lazy\" decoding=\"async\" width=\"150\" height=\"150\" src=\"https:\/\/www.iesneiravilas.es\/arquivo\/wp-content\/uploads\/2014\/10\/mural_5-150x150.jpg\" class=\"attachment-thumbnail size-thumbnail\" alt=\"Neira Vilas preside a entrada ao instituto\" aria-describedby=\"gallery-1-786\" \/><\/a>\n\t\t\t<\/div>\n\t\t\t\t<figcaption class='wp-caption-text gallery-caption' id='gallery-1-786'>\n\t\t\t\tParte central do mural\n\t\t\t\t<\/figcaption><\/figure><figure class='gallery-item'>\n\t\t\t<div class='gallery-icon landscape'>\n\t\t\t\t<a href='https:\/\/www.iesneiravilas.es\/arquivo\/?attachment_id=787'><img loading=\"lazy\" decoding=\"async\" width=\"150\" height=\"150\" src=\"https:\/\/www.iesneiravilas.es\/arquivo\/wp-content\/uploads\/2014\/10\/mural_7-150x150.jpg\" class=\"attachment-thumbnail size-thumbnail\" alt=\"Neira Vilas preside a entrada ao instituto\" aria-describedby=\"gallery-1-787\" \/><\/a>\n\t\t\t<\/div>\n\t\t\t\t<figcaption class='wp-caption-text gallery-caption' id='gallery-1-787'>\n\t\t\t\tParte dereita do mural\n\t\t\t\t<\/figcaption><\/figure><figure class='gallery-item'>\n\t\t\t<div class='gallery-icon landscape'>\n\t\t\t\t<a href='https:\/\/www.iesneiravilas.es\/arquivo\/?attachment_id=788'><img loading=\"lazy\" decoding=\"async\" width=\"150\" height=\"150\" src=\"https:\/\/www.iesneiravilas.es\/arquivo\/wp-content\/uploads\/2014\/10\/mural_2-150x150.jpg\" class=\"attachment-thumbnail size-thumbnail\" alt=\"Neira Vilas preside a entrada ao instituto\" aria-describedby=\"gallery-1-788\" \/><\/a>\n\t\t\t<\/div>\n\t\t\t\t<figcaption class='wp-caption-text gallery-caption' id='gallery-1-788'>\n\t\t\t\tNeira Vilas preside a entrada ao instituto\n\t\t\t\t<\/figcaption><\/figure><figure class='gallery-item'>\n\t\t\t<div class='gallery-icon landscape'>\n\t\t\t\t<a href='https:\/\/www.iesneiravilas.es\/arquivo\/?attachment_id=789'><img loading=\"lazy\" decoding=\"async\" width=\"150\" height=\"150\" src=\"https:\/\/www.iesneiravilas.es\/arquivo\/wp-content\/uploads\/2014\/10\/mural_3-150x150.jpg\" class=\"attachment-thumbnail size-thumbnail\" alt=\"Neira Vilas preside a entrada ao instituto\" aria-describedby=\"gallery-1-789\" \/><\/a>\n\t\t\t<\/div>\n\t\t\t\t<figcaption class='wp-caption-text gallery-caption' id='gallery-1-789'>\n\t\t\t\tNeira Vilas preside a entrada ao instituto\n\t\t\t\t<\/figcaption><\/figure><figure class='gallery-item'>\n\t\t\t<div class='gallery-icon landscape'>\n\t\t\t\t<a href='https:\/\/www.iesneiravilas.es\/arquivo\/?attachment_id=790'><img loading=\"lazy\" decoding=\"async\" width=\"150\" height=\"150\" src=\"https:\/\/www.iesneiravilas.es\/arquivo\/wp-content\/uploads\/2014\/10\/mural_4-150x150.jpg\" class=\"attachment-thumbnail size-thumbnail\" alt=\"Neira Vilas preside a entrada ao instituto\" aria-describedby=\"gallery-1-790\" \/><\/a>\n\t\t\t<\/div>\n\t\t\t\t<figcaption class='wp-caption-text gallery-caption' id='gallery-1-790'>\n\t\t\t\tNeira Vilas preside a entrada ao instituto\n\t\t\t\t<\/figcaption><\/figure><figure class='gallery-item'>\n\t\t\t<div class='gallery-icon landscape'>\n\t\t\t\t<a href='https:\/\/www.iesneiravilas.es\/arquivo\/?attachment_id=791'><img loading=\"lazy\" decoding=\"async\" width=\"150\" height=\"150\" src=\"https:\/\/www.iesneiravilas.es\/arquivo\/wp-content\/uploads\/2014\/10\/mural_8-150x150.jpg\" class=\"attachment-thumbnail size-thumbnail\" alt=\"Neira Vilas preside a entrada ao instituto\" aria-describedby=\"gallery-1-791\" \/><\/a>\n\t\t\t<\/div>\n\t\t\t\t<figcaption class='wp-caption-text gallery-caption' id='gallery-1-791'>\n\t\t\t\tNeira Vilas preside a entrada ao instituto\n\t\t\t\t<\/figcaption><\/figure>\n\t\t<\/div>\n\n","protected":false},"excerpt":{"rendered":"<p>Ao celebrarse o 25 aniversario do instituto era preciso deixar constancia nun lugar emblem\u00e1tico do reco\u00f1ecemnto \u00e1 persoa que lle da nome. Pensouse que a mellor forma ser\u00eda por medio dun mural ubicado na entrada principal do centro que fixera referencia \u00e1 figura de Xos\u00e9 Neira Vilas, ao seu libro senlleiro &#8220;Memorias dun neno labrego&#8221;, &hellip; <a href=\"https:\/\/www.iesneiravilas.es\/arquivo\/?p=783\" class=\"more-link\">Seguir lendo <span class=\"screen-reader-text\">Neira Vilas preside a entrada ao instituto<\/span> <span class=\"meta-nav\">&rarr;<\/span><\/a><\/p>\n","protected":false},"author":1,"featured_media":0,"comment_status":"closed","ping_status":"open","sticky":false,"template":"","format":"standard","meta":{"footnotes":""},"categories":[115,17,22],"tags":[23,27,26,25,268,114,28],"class_list":["post-783","post","type-post","status-publish","format-standard","hentry","category-25_do_neira","category-actividades","category-curso-2013-2014","tag-agustin-fernandez-gago","tag-angel-garcia-seoane","tag-fernando-gonzalez-laxe","tag-indalecio-cabana-leira","tag-nacho-taibo","tag-senen-olano","tag-xose-neira-vilas"],"_links":{"self":[{"href":"https:\/\/www.iesneiravilas.es\/arquivo\/index.php?rest_route=\/wp\/v2\/posts\/783","targetHints":{"allow":["GET"]}}],"collection":[{"href":"https:\/\/www.iesneiravilas.es\/arquivo\/index.php?rest_route=\/wp\/v2\/posts"}],"about":[{"href":"https:\/\/www.iesneiravilas.es\/arquivo\/index.php?rest_route=\/wp\/v2\/types\/post"}],"author":[{"embeddable":true,"href":"https:\/\/www.iesneiravilas.es\/arquivo\/index.php?rest_route=\/wp\/v2\/users\/1"}],"replies":[{"embeddable":true,"href":"https:\/\/www.iesneiravilas.es\/arquivo\/index.php?rest_route=%2Fwp%2Fv2%2Fcomments&post=783"}],"version-history":[{"count":1,"href":"https:\/\/www.iesneiravilas.es\/arquivo\/index.php?rest_route=\/wp\/v2\/posts\/783\/revisions"}],"predecessor-version":[{"id":792,"href":"https:\/\/www.iesneiravilas.es\/arquivo\/index.php?rest_route=\/wp\/v2\/posts\/783\/revisions\/792"}],"wp:attachment":[{"href":"https:\/\/www.iesneiravilas.es\/arquivo\/index.php?rest_route=%2Fwp%2Fv2%2Fmedia&parent=783"}],"wp:term":[{"taxonomy":"category","embeddable":true,"href":"https:\/\/www.iesneiravilas.es\/arquivo\/index.php?rest_route=%2Fwp%2Fv2%2Fcategories&post=783"},{"taxonomy":"post_tag","embeddable":true,"href":"https:\/\/www.iesneiravilas.es\/arquivo\/index.php?rest_route=%2Fwp%2Fv2%2Ftags&post=783"}],"curies":[{"name":"wp","href":"https:\/\/api.w.org\/{rel}","templated":true}]}}