{"id":813,"date":"2014-04-18T16:45:24","date_gmt":"2014-04-18T14:45:24","guid":{"rendered":"http:\/\/www.iesneiravilas.es\/arquivo\/?p=813"},"modified":"2014-10-13T11:42:44","modified_gmt":"2014-10-13T09:42:44","slug":"vio-intercambio-escolar-i-e-s-p-xose-neira-vilas-de-oleiros-college-notre-dame-le-menimur-skolaj-diwan-ar-mor-bihan-de-vannes-2","status":"publish","type":"post","link":"https:\/\/www.iesneiravilas.es\/arquivo\/?p=813","title":{"rendered":"VI\u00ba Intercambio Escolar I.E.S.P. Xos\u00e9 Neira Vilas de Oleiros-Coll\u00e8ge Notre Dame Le Menimur Skolaj Diwan Ar Mor-Bihan de Vannes"},"content":{"rendered":"<figure id=\"attachment_814\" aria-describedby=\"caption-attachment-814\" style=\"width: 300px\" class=\"wp-caption alignleft\"><a href=\"http:\/\/www.iesneiravilas.es\/arquivo\/wp-content\/uploads\/2014\/10\/intercambio.jpg\"><img loading=\"lazy\" decoding=\"async\" class=\"size-full wp-image-814\" src=\"http:\/\/www.iesneiravilas.es\/arquivo\/wp-content\/uploads\/2014\/10\/intercambio.jpg\" alt=\"VI\u00ba Intercambio Escolar\" width=\"300\" height=\"200\" \/><\/a><figcaption id=\"caption-attachment-814\" class=\"wp-caption-text\">VI\u00ba Intercambio Escolarz Nieto<\/figcaption><\/figure>\n<p>Un total de 32 alumnos de 2\u00ba, 3\u00ba, 4\u00ba ESO e 1\u00ba de Bacharelato participaron no VI\u00ba \u00c9CHANGE SCOLAIRE que tivo lugar entre os d\u00edas 1 e 12 de abril. Estiveron acompa\u00f1ados dos profesores Don Juan Santamaria e Don Carlos Vidal.<\/p>\n<p>Durante a estad\u00eda en Vannes (Francia), o alumnado do Neira Vilas fixo diversas actividades : visita \u00e1 rexi\u00f3n da Breta\u00f1a francesa ( Carnac, Quiberon , Mont Saint Michel, Dinan, Pont-Aven , etc.); tam\u00e9n asistiron \u00e1s clases no Coll\u00e8ge Notre Dame Le Menimur e a Skolaj Diwan ar Mor-Bihan .<\/p>\n<p>O Intercambio rematou coa visita a Par\u00eds e o \u00faltimo d\u00eda foron a Eurodisney.<\/p>\n<p>Este ano viaxaron con n\u00f3s 15 alumnos do IES Monte Neme de Carballo, acompa\u00f1ados da s\u00faa profesora de franc\u00e9s Sandra Rodr\u00edguez Nieto, que fan o Intercambio cos mesmos centros educativos.<\/p>\n","protected":false},"excerpt":{"rendered":"<p>Un total de 32 alumnos de 2\u00ba, 3\u00ba, 4\u00ba ESO e 1\u00ba de Bacharelato participaron no VI\u00ba \u00c9CHANGE SCOLAIRE que tivo lugar entre os d\u00edas 1 e 12 de abril. Estiveron acompa\u00f1ados dos profesores Don Juan Santamaria e Don Carlos Vidal. Durante a estad\u00eda en Vannes (Francia), o alumnado do Neira Vilas fixo diversas actividades &hellip; <a href=\"https:\/\/www.iesneiravilas.es\/arquivo\/?p=813\" class=\"more-link\">Seguir lendo <span class=\"screen-reader-text\">VI\u00ba Intercambio Escolar I.E.S.P. Xos\u00e9 Neira Vilas de Oleiros-Coll\u00e8ge Notre Dame Le Menimur Skolaj Diwan Ar Mor-Bihan de Vannes<\/span> <span class=\"meta-nav\">&rarr;<\/span><\/a><\/p>\n","protected":false},"author":1,"featured_media":0,"comment_status":"closed","ping_status":"open","sticky":false,"template":"","format":"standard","meta":{"footnotes":""},"categories":[17,142,22,215],"tags":[122,167,124,123,166],"class_list":["post-813","post","type-post","status-publish","format-standard","hentry","category-actividades","category-curso","category-curso-2013-2014","category-intercambio","tag-carlos-vidal","tag-college-notre-dame-le-menimur","tag-juan-santamaria","tag-sandra-rodriguez-nieto","tag-vannes"],"_links":{"self":[{"href":"https:\/\/www.iesneiravilas.es\/arquivo\/index.php?rest_route=\/wp\/v2\/posts\/813","targetHints":{"allow":["GET"]}}],"collection":[{"href":"https:\/\/www.iesneiravilas.es\/arquivo\/index.php?rest_route=\/wp\/v2\/posts"}],"about":[{"href":"https:\/\/www.iesneiravilas.es\/arquivo\/index.php?rest_route=\/wp\/v2\/types\/post"}],"author":[{"embeddable":true,"href":"https:\/\/www.iesneiravilas.es\/arquivo\/index.php?rest_route=\/wp\/v2\/users\/1"}],"replies":[{"embeddable":true,"href":"https:\/\/www.iesneiravilas.es\/arquivo\/index.php?rest_route=%2Fwp%2Fv2%2Fcomments&post=813"}],"version-history":[{"count":3,"href":"https:\/\/www.iesneiravilas.es\/arquivo\/index.php?rest_route=\/wp\/v2\/posts\/813\/revisions"}],"predecessor-version":[{"id":817,"href":"https:\/\/www.iesneiravilas.es\/arquivo\/index.php?rest_route=\/wp\/v2\/posts\/813\/revisions\/817"}],"wp:attachment":[{"href":"https:\/\/www.iesneiravilas.es\/arquivo\/index.php?rest_route=%2Fwp%2Fv2%2Fmedia&parent=813"}],"wp:term":[{"taxonomy":"category","embeddable":true,"href":"https:\/\/www.iesneiravilas.es\/arquivo\/index.php?rest_route=%2Fwp%2Fv2%2Fcategories&post=813"},{"taxonomy":"post_tag","embeddable":true,"href":"https:\/\/www.iesneiravilas.es\/arquivo\/index.php?rest_route=%2Fwp%2Fv2%2Ftags&post=813"}],"curies":[{"name":"wp","href":"https:\/\/api.w.org\/{rel}","templated":true}]}}