{"id":848,"date":"2010-09-15T17:36:51","date_gmt":"2010-09-15T15:36:51","guid":{"rendered":"http:\/\/www.iesneiravilas.es\/arquivo\/?p=848"},"modified":"2014-10-06T17:39:29","modified_gmt":"2014-10-06T15:39:29","slug":"equipo-docente-curso-2010-2011","status":"publish","type":"post","link":"https:\/\/www.iesneiravilas.es\/arquivo\/?p=848","title":{"rendered":"Equipo Docente. Curso 2010-2011"},"content":{"rendered":"<ul>\n<li><b>Ciencias Naturais<\/b><br \/>\nMilagros Rey Pichel [Xefa de departamento]<br \/>\nNuria S\u00e1nchez Moreno<br \/>\nAgust\u00edn Lorenzo L\u00f3pez [Servicios Especiais]<br \/>\nCarmen Porta Vila<\/li>\n<li><b>Debuxo<\/b><br \/>\nFaustino Seijas Seoane [Xefe de departamento]<\/li>\n<li><b>Econom\u00eda<\/b><br \/>\nIsabel L\u00f3pez Mari\u00f1o [Xefa de departamento]<\/li>\n<li><b>Educaci\u00f3n F\u00edsica<\/b><br \/>\nMar\u00eda Emilia G\u00f3mez L\u00f3pez [Xefa de departamento]<br \/>\nMiguel S\u00e1nchez Ortiz [Servicios Especiais]<\/li>\n<li><b>Filosof\u00eda<\/b><br \/>\nFernando Vidal Meij\u00f3n [Xefe de departamento]<br \/>\nJos\u00e9 L\u00f3pez Couce<\/li>\n<li><b>F\u00edsica e Qu\u00edmica<\/b><br \/>\nAntonio Varela Caama\u00f1o [Xefe de departamento]<br \/>\nRam\u00f3n Romero Pardo<\/li>\n<li><b>Franc\u00e9s<\/b><br \/>\nJos\u00e9 Carlos Vidal L\u00f3pez [Xefe de departamento]<br \/>\nRaquel Monge Casti\u00f1eiras<br \/>\nEmily Lespade [Lectora]<br \/>\nZita S\u00e1ndor [Auxiliar de Conversa]<\/li>\n<li><b>Grego<\/b><br \/>\nMontserrat L\u00f3pez Pinal [Xefa de departamento]<\/li>\n<li><b>Ingl\u00e9s <\/b><br \/>\nWarinca Arce Gonz\u00e1lez [Xefa de departamento]<br \/>\nMercedes Dopico Ca\u00ednzos<br \/>\nRicardo Puig De Llano<br \/>\nDiego Bleifuss Prados [Auxiliar de Conversa]<\/li>\n<li><b>Lat\u00edn<\/b><br \/>\nXos\u00e9 Carballude Blanco [Xefe de departamento]<\/li>\n<li><b>Lingua e Literatura Espa\u00f1ola<\/b><br \/>\nEduardo \u00c1lvarez Gonz\u00e1lez [Xefe de departamento]<br \/>\nMat\u00edas Cuba Orosa<br \/>\nElvira Elisa Sanz G\u00f3mez<\/li>\n<li><b>Lingua Galega e Literatura <\/b><br \/>\nXo\u00e1n Ignacio Taibo Arias [Xefe de departamento]<br \/>\nAna Mar\u00eda Crego Ya\u00f1ez<br \/>\nXos\u00e9 Manuel Mart\u00ednez Fraguela,<\/li>\n<li><b>Matem\u00e1ticas<\/b><br \/>\nMar\u00eda Emilia Villar Mirabal [Xefa de departamento]<br \/>\nRosa Mar\u00eda Mi\u00f1a Mena<br \/>\nJos\u00e9 Antonio Rodr\u00edguez Amedo<br \/>\nManuel San Lu\u00eds Bugallo<\/li>\n<li><b>M\u00fasica<\/b><br \/>\nJes\u00fas Fern\u00e1ndez Llaneza [Xefe de departamento]<\/li>\n<li><b>Normalizaci\u00f3n Ling\u00fcistica<\/b><br \/>\nJos\u00e9 Antonio Rodr\u00edguez Amedo [Xefe de departamento]<\/li>\n<li><b>Orientaci\u00f3n<\/b><br \/>\nMar\u00eda Jes\u00fas Rodr\u00edguez Lastres [Xefe de departamento]<br \/>\nM\u00aa del Pilar Morandeira Roel<\/li>\n<li><b>Relixi\u00f3n<\/b><br \/>\nJuan Antonio Santamar\u00eda Gonz\u00e1lez [Xefe de departamento]<\/li>\n<li><b>Tecnolox\u00eda <\/b><br \/>\nXos\u00e9 Rodr\u00edguez Rodr\u00edguez [Xefe de departamento]<br \/>\nJuan Jos\u00e9 Garc\u00eda Mato<br \/>\nAgust\u00edn Fern\u00e1ndez Gago<\/li>\n<li><b>Xeograf\u00eda e Historia<\/b><br \/>\nM\u00aa del Carmen Garc\u00eda-Rodeja Arrib\u00ed [Xefa de departamento]<br \/>\nXos\u00e9 Ant\u00f3n Garc\u00eda Gonz\u00e1lez<br \/>\nM\u00aa Mar P\u00e9rez Fern\u00e1ndez<\/li>\n<\/ul>\n","protected":false},"excerpt":{"rendered":"<p>Ciencias Naturais Milagros Rey Pichel [Xefa de departamento] Nuria S\u00e1nchez Moreno Agust\u00edn Lorenzo L\u00f3pez [Servicios Especiais] Carmen Porta Vila Debuxo Faustino Seijas Seoane [Xefe de departamento] Econom\u00eda Isabel L\u00f3pez Mari\u00f1o [Xefa de departamento] Educaci\u00f3n F\u00edsica Mar\u00eda Emilia G\u00f3mez L\u00f3pez [Xefa de departamento] Miguel S\u00e1nchez Ortiz [Servicios Especiais] Filosof\u00eda Fernando Vidal Meij\u00f3n [Xefe de departamento] Jos\u00e9 &hellip; <a href=\"https:\/\/www.iesneiravilas.es\/arquivo\/?p=848\" class=\"more-link\">Seguir lendo <span class=\"screen-reader-text\">Equipo Docente. Curso 2010-2011<\/span> <span class=\"meta-nav\">&rarr;<\/span><\/a><\/p>\n","protected":false},"author":1,"featured_media":0,"comment_status":"closed","ping_status":"open","sticky":false,"template":"","format":"standard","meta":{"footnotes":""},"categories":[132,82],"tags":[],"class_list":["post-848","post","type-post","status-publish","format-standard","hentry","category-curso-2010-2011","category-equipo-docente"],"_links":{"self":[{"href":"https:\/\/www.iesneiravilas.es\/arquivo\/index.php?rest_route=\/wp\/v2\/posts\/848","targetHints":{"allow":["GET"]}}],"collection":[{"href":"https:\/\/www.iesneiravilas.es\/arquivo\/index.php?rest_route=\/wp\/v2\/posts"}],"about":[{"href":"https:\/\/www.iesneiravilas.es\/arquivo\/index.php?rest_route=\/wp\/v2\/types\/post"}],"author":[{"embeddable":true,"href":"https:\/\/www.iesneiravilas.es\/arquivo\/index.php?rest_route=\/wp\/v2\/users\/1"}],"replies":[{"embeddable":true,"href":"https:\/\/www.iesneiravilas.es\/arquivo\/index.php?rest_route=%2Fwp%2Fv2%2Fcomments&post=848"}],"version-history":[{"count":1,"href":"https:\/\/www.iesneiravilas.es\/arquivo\/index.php?rest_route=\/wp\/v2\/posts\/848\/revisions"}],"predecessor-version":[{"id":849,"href":"https:\/\/www.iesneiravilas.es\/arquivo\/index.php?rest_route=\/wp\/v2\/posts\/848\/revisions\/849"}],"wp:attachment":[{"href":"https:\/\/www.iesneiravilas.es\/arquivo\/index.php?rest_route=%2Fwp%2Fv2%2Fmedia&parent=848"}],"wp:term":[{"taxonomy":"category","embeddable":true,"href":"https:\/\/www.iesneiravilas.es\/arquivo\/index.php?rest_route=%2Fwp%2Fv2%2Fcategories&post=848"},{"taxonomy":"post_tag","embeddable":true,"href":"https:\/\/www.iesneiravilas.es\/arquivo\/index.php?rest_route=%2Fwp%2Fv2%2Ftags&post=848"}],"curies":[{"name":"wp","href":"https:\/\/api.w.org\/{rel}","templated":true}]}}