{"id":856,"date":"2006-09-15T18:22:00","date_gmt":"2006-09-15T16:22:00","guid":{"rendered":"http:\/\/www.iesneiravilas.es\/arquivo\/?p=856"},"modified":"2014-10-06T18:23:51","modified_gmt":"2014-10-06T16:23:51","slug":"equipo-docente-curso-2006-2007","status":"publish","type":"post","link":"https:\/\/www.iesneiravilas.es\/arquivo\/?p=856","title":{"rendered":"Equipo Docente. Curso 2006-2007"},"content":{"rendered":"<ul>\n<li><b>Ciencias Naturais<\/b><br \/>\nMilagros Rey Pichel [Xefa de departamento]<br \/>\nAgust\u00edn Lorenzo L\u00f3pez [Servicios Especiais]<br \/>\nCarmen Porta Vila<br \/>\nAlberto Rodr\u00edguez Guerrero<\/li>\n<li><b>Debuxo<\/b><br \/>\nFaustino Seijas Seoane [Xefe de departamento]<br \/>\nJos\u00e9 Mar\u00eda Santos G\u00f3mez<\/li>\n<li><b>Educaci\u00f3n F\u00edsica<\/b><br \/>\nMar\u00eda G\u00f3mez L\u00f3pez [Xefa de departamento]<br \/>\nAntonio Alfaro Balsa<br \/>\nMiguel S\u00e1nchez Ortiz [Servicios Especiais]<\/li>\n<li><b>Filosof\u00eda<\/b><br \/>\nJos\u00e9 L\u00f3pez Couce [Xefe de departamento]<br \/>\nFernando Vidal Meij\u00f3n<\/li>\n<li><b>F\u00edsica e Qu\u00edmica<\/b><br \/>\nAntonio Varela Caama\u00f1o [Xefe de departamento]<br \/>\nAniana Mar\u00eda D\u00edaz G\u00f3mez<br \/>\nMonica Osuna Vites<br \/>\nMar\u00eda Jes\u00fas Souza Castelo [Servicios Especiais]<\/li>\n<li><b>Franc\u00e9s<\/b><br \/>\nAngeles Andrade Sanjurjo [Xefa de departamento]<br \/>\nM\u00aa de la Paz Rodr\u00edguez Gonz\u00e1lez<\/li>\n<li><b>Grego<\/b><br \/>\nMontserrat L\u00f3pez Pinal [Xefa de departamento]<\/li>\n<li><b>Ingl\u00e9s<\/b><br \/>\nWarinca Arce Gonz\u00e1lez [Xefa de departamento]<br \/>\nMercedes Dopico Ca\u00ednzos<br \/>\nMar\u00eda Rosa Prieto L\u00f3pez<br \/>\nRicardo Puig De Llano<\/li>\n<li><b>Lat\u00edn<\/b><br \/>\nXos\u00e9 Carballude Blanco [Xefe de departamento]<\/li>\n<li><b>Lingua e Literatura Espa\u00f1ola<\/b><br \/>\nElvira Elisa Sanz G\u00f3mez [Xefa de departamento]<br \/>\nEduardo \u00c1lvarez Gonz\u00e1lez [Liberado sindical]<br \/>\nMat\u00edas Cuba Orosa<br \/>\n\u00c1ngel Gonz\u00e1lez Iglesias<\/li>\n<li><b>Lingua Galega e Literatura <\/b><br \/>\nXo\u00e1n Ignacio Taibo Arias, [Xefe de departamento]<br \/>\nXos\u00e9 Manuel Mart\u00ednez Fraguela,<br \/>\nDorinda Rivera Pedredo<br \/>\nMar\u00eda Isabel Veiguela Reigosa<\/li>\n<li><b>Matem\u00e1ticas<\/b><br \/>\nAntonio Lastres Rubinos [Xefe de departamento]<br \/>\nM\u00aa Carmen P\u00e9rez Agra<br \/>\nManuel San Lu\u00eds Bugallo<br \/>\nFrancisco Vila Baleato<br \/>\nMar\u00eda Emilia Villar Mirabal<\/li>\n<li><b>M\u00fasica<\/b><br \/>\nMar\u00eda Antonia Montes Fern\u00e1ndez [Xefa de departamento]<br \/>\nJes\u00fas Fern\u00e1ndez Llaneza<br \/>\nDiana L\u00f3pez Cancela<\/li>\n<li><b>Normalizaci\u00f3n Ling\u00fcistica<\/b><br \/>\nFernando Vidal Meij\u00f3n [Xefe de departamento]<\/li>\n<li><b>Orientaci\u00f3n<\/b><br \/>\nMar\u00eda Dolores Singer Lago [Xefa de departamento]<br \/>\nCarmen E. Fern\u00e1ndez Gonz\u00e1lez,<br \/>\nZaida Goti Mira<br \/>\nV\u00edctor Ledo Lema<br \/>\nM\u00aa del Pilar Morandeira Roel<br \/>\nSonsoles Mugarra Fern\u00e1ndez-Roel<\/li>\n<li><b>Relixi\u00f3n<\/b><br \/>\nJos\u00e9 Ovidio Curr\u00e1is Porr\u00faa [Xefe de departamento]<\/li>\n<li><b>Tecnolox\u00eda <\/b><br \/>\nJuan Manuel Neira Fern\u00e1ndez [Xefe de departamento]<br \/>\nGema Elena Lois G\u00f3mez<br \/>\nXos\u00e9 Rodr\u00edguez Rodr\u00edguez<\/li>\n<li><b>Xeograf\u00eda e Historia<\/b><br \/>\nMar\u00eda Aurora Chavert D\u00edaz [Xefa de departamento]<br \/>\nAnt\u00f3n Garc\u00eda Gonz\u00e1lez<br \/>\nM\u00aa del Carmen Garc\u00eda-Rodeja Arrib\u00ed<br \/>\nV\u00edctor Nogueira Fari\u00f1a<\/li>\n<\/ul>\n","protected":false},"excerpt":{"rendered":"<p>Ciencias Naturais Milagros Rey Pichel [Xefa de departamento] Agust\u00edn Lorenzo L\u00f3pez [Servicios Especiais] Carmen Porta Vila Alberto Rodr\u00edguez Guerrero Debuxo Faustino Seijas Seoane [Xefe de departamento] Jos\u00e9 Mar\u00eda Santos G\u00f3mez Educaci\u00f3n F\u00edsica Mar\u00eda G\u00f3mez L\u00f3pez [Xefa de departamento] Antonio Alfaro Balsa Miguel S\u00e1nchez Ortiz [Servicios Especiais] Filosof\u00eda Jos\u00e9 L\u00f3pez Couce [Xefe de departamento] Fernando Vidal &hellip; <a href=\"https:\/\/www.iesneiravilas.es\/arquivo\/?p=856\" class=\"more-link\">Seguir lendo <span class=\"screen-reader-text\">Equipo Docente. Curso 2006-2007<\/span> <span class=\"meta-nav\">&rarr;<\/span><\/a><\/p>\n","protected":false},"author":1,"featured_media":0,"comment_status":"closed","ping_status":"open","sticky":false,"template":"","format":"standard","meta":{"footnotes":""},"categories":[136,82],"tags":[],"class_list":["post-856","post","type-post","status-publish","format-standard","hentry","category-curso-2006-2007","category-equipo-docente"],"_links":{"self":[{"href":"https:\/\/www.iesneiravilas.es\/arquivo\/index.php?rest_route=\/wp\/v2\/posts\/856","targetHints":{"allow":["GET"]}}],"collection":[{"href":"https:\/\/www.iesneiravilas.es\/arquivo\/index.php?rest_route=\/wp\/v2\/posts"}],"about":[{"href":"https:\/\/www.iesneiravilas.es\/arquivo\/index.php?rest_route=\/wp\/v2\/types\/post"}],"author":[{"embeddable":true,"href":"https:\/\/www.iesneiravilas.es\/arquivo\/index.php?rest_route=\/wp\/v2\/users\/1"}],"replies":[{"embeddable":true,"href":"https:\/\/www.iesneiravilas.es\/arquivo\/index.php?rest_route=%2Fwp%2Fv2%2Fcomments&post=856"}],"version-history":[{"count":1,"href":"https:\/\/www.iesneiravilas.es\/arquivo\/index.php?rest_route=\/wp\/v2\/posts\/856\/revisions"}],"predecessor-version":[{"id":857,"href":"https:\/\/www.iesneiravilas.es\/arquivo\/index.php?rest_route=\/wp\/v2\/posts\/856\/revisions\/857"}],"wp:attachment":[{"href":"https:\/\/www.iesneiravilas.es\/arquivo\/index.php?rest_route=%2Fwp%2Fv2%2Fmedia&parent=856"}],"wp:term":[{"taxonomy":"category","embeddable":true,"href":"https:\/\/www.iesneiravilas.es\/arquivo\/index.php?rest_route=%2Fwp%2Fv2%2Fcategories&post=856"},{"taxonomy":"post_tag","embeddable":true,"href":"https:\/\/www.iesneiravilas.es\/arquivo\/index.php?rest_route=%2Fwp%2Fv2%2Ftags&post=856"}],"curies":[{"name":"wp","href":"https:\/\/api.w.org\/{rel}","templated":true}]}}