{"id":860,"date":"2002-09-15T18:25:29","date_gmt":"2002-09-15T16:25:29","guid":{"rendered":"http:\/\/www.iesneiravilas.es\/arquivo\/?p=860"},"modified":"2014-10-06T18:27:15","modified_gmt":"2014-10-06T16:27:15","slug":"equipo-docente-curso-2005-2006-2","status":"publish","type":"post","link":"https:\/\/www.iesneiravilas.es\/arquivo\/?p=860","title":{"rendered":"Equipo Docente. Curso 2005-2006"},"content":{"rendered":"<ul>\n<li><b>Ciencias Naturais<\/b><br \/>\nPorta Vila, Carmen [Xefa de departamento]<br \/>\nP\u00e9rez L\u00f3pez, M\u00aa Eugenia<br \/>\nRey Pichel, Milagros<\/li>\n<li><b>Debuxo<\/b><br \/>\nEij\u00f3 Casal, Jorge [Xefe de departamento]<br \/>\nSeijas Seoane, Faustino<\/li>\n<li><b>Educaci\u00f3n F\u00edsica<\/b><br \/>\nS\u00e1nchez Ortiz, Miguel [Xefe de departamento]<\/li>\n<li><b>Filosof\u00eda<\/b><br \/>\nL\u00f3pez Couce, Jos\u00e9 [Xefe de departamento]<br \/>\nBent\u00f3s-Pereyra Rey, Elisa<br \/>\nDiaz Balboa, Francisca<\/li>\n<li><b>F\u00edsica e Qu\u00edmica<\/b><br \/>\nPe\u0144a Tresancos, Jaime [Xefe de departamento]<br \/>\nGuill\u00edn Fraga, Juan Jos\u00e9<br \/>\nSouza Castelo, Mar\u00eda Jes\u00fas<br \/>\nVarela Caama\u0144o, Antonio<\/li>\n<li><b>Franc\u00e9s<\/b><br \/>\nAndrade Sanjurjo, Angeles [Xefa de departamento]<br \/>\nRumbo Caridad, Beatriz<\/li>\n<li><b>Grego<\/b><br \/>\nL\u00f3pez Pinal, Montserrat [Xefa de departamento]<\/li>\n<li><b>Ingl\u00e9s <\/b><br \/>\nArce Gonz\u00e1lez, Warinca [Xefa de departamento]<br \/>\nDopico Ca\u00ednzos, Mercedes<br \/>\nFari\u00f1a Gonz\u00e1lez, Ux\u00eda<br \/>\nPuig De Llano, Ricardo<\/li>\n<li><b>Lat\u00edn<\/b><br \/>\nCarballude Blanco, Xos\u00e9 [Xefe de departamento]<\/li>\n<li><b>Lingua e Literatura Espa\u0144ola<\/b><br \/>\nGonz\u00e1lez Cruz, Josefina [Xefa de departamento]<br \/>\nFern\u00e1ndez Montes, Mar\u00eda<br \/>\nFerreiro Gonz\u00e1lez, Carlos<br \/>\nSanz G\u00f3mez, Elvira Elisa<\/li>\n<li><b>Lingua Galega e Literatura<\/b><br \/>\nTaibo Arias, Xo\u00e1n Ignacio [Xefe de departamento]<br \/>\nGrande Veloso, Graciela<br \/>\nRivera Pedredo, Dorinda<\/li>\n<li><b>Matem\u00e1ticas<\/b><br \/>\nCandocia Cacheda, Edelmira [Xefa de departamento]<br \/>\nLois Ordo\u00f1ez, Ram\u00f3n<br \/>\nSan Lu\u00eds Bugallo, Manuel<br \/>\nVillar Mirabal, Mar\u00eda Emilia<\/li>\n<li><b>M\u00fasica<\/b><br \/>\nFern\u00e1ndez Llaneza, Jes\u00fas [Xefe de departamento]<br \/>\nGarc\u00eda Garc\u00eda, Paloma<\/li>\n<li><b>Orientaci\u00f3n<\/b><br \/>\nSinger Lago, Mar\u00eda Dolores [Xefa de departamento]<br \/>\nCandal L\u00f3pez, M\u00aa Emilia<br \/>\nMorandeira Roel, M\u00aa del Pilar<\/li>\n<li><b>Relixi\u00f3n<\/b><br \/>\nCurr\u00e1is Porr\u00faa, Jos\u00e9 Ovidio [Xefe de departamento]<\/li>\n<li><b>Tecnolox\u00eda <\/b><br \/>\nRodr\u00edguez Rodr\u00edguez, Xos\u00e9 [Xefe de departamento]<br \/>\nGarc\u00eda Calvo, Ana M\u00aa<\/li>\n<li><b>Xeograf\u00eda e Historia<br \/>\n<\/b>Chavert D\u00edaz,Mar\u00eda Aurora [Xefa de departamento]<br \/>\nGarc\u00eda Salgado, M\u00aa Visitaci\u00f3n<br \/>\nGarc\u00eda-Rodeja Arrib\u00ed, M\u00aa del Carmen<br \/>\nNogueira Fari\u00f1a, V\u00edctor<\/li>\n<\/ul>\n","protected":false},"excerpt":{"rendered":"<p>Ciencias Naturais Porta Vila, Carmen [Xefa de departamento] P\u00e9rez L\u00f3pez, M\u00aa Eugenia Rey Pichel, Milagros Debuxo Eij\u00f3 Casal, Jorge [Xefe de departamento] Seijas Seoane, Faustino Educaci\u00f3n F\u00edsica S\u00e1nchez Ortiz, Miguel [Xefe de departamento] Filosof\u00eda L\u00f3pez Couce, Jos\u00e9 [Xefe de departamento] Bent\u00f3s-Pereyra Rey, Elisa Diaz Balboa, Francisca F\u00edsica e Qu\u00edmica Pe\u0144a Tresancos, Jaime [Xefe de departamento] &hellip; <a href=\"https:\/\/www.iesneiravilas.es\/arquivo\/?p=860\" class=\"more-link\">Seguir lendo <span class=\"screen-reader-text\">Equipo Docente. Curso 2005-2006<\/span> <span class=\"meta-nav\">&rarr;<\/span><\/a><\/p>\n","protected":false},"author":1,"featured_media":0,"comment_status":"closed","ping_status":"open","sticky":false,"template":"","format":"standard","meta":{"footnotes":""},"categories":[138],"tags":[],"class_list":["post-860","post","type-post","status-publish","format-standard","hentry","category-curso-2002-2003"],"_links":{"self":[{"href":"https:\/\/www.iesneiravilas.es\/arquivo\/index.php?rest_route=\/wp\/v2\/posts\/860","targetHints":{"allow":["GET"]}}],"collection":[{"href":"https:\/\/www.iesneiravilas.es\/arquivo\/index.php?rest_route=\/wp\/v2\/posts"}],"about":[{"href":"https:\/\/www.iesneiravilas.es\/arquivo\/index.php?rest_route=\/wp\/v2\/types\/post"}],"author":[{"embeddable":true,"href":"https:\/\/www.iesneiravilas.es\/arquivo\/index.php?rest_route=\/wp\/v2\/users\/1"}],"replies":[{"embeddable":true,"href":"https:\/\/www.iesneiravilas.es\/arquivo\/index.php?rest_route=%2Fwp%2Fv2%2Fcomments&post=860"}],"version-history":[{"count":2,"href":"https:\/\/www.iesneiravilas.es\/arquivo\/index.php?rest_route=\/wp\/v2\/posts\/860\/revisions"}],"predecessor-version":[{"id":862,"href":"https:\/\/www.iesneiravilas.es\/arquivo\/index.php?rest_route=\/wp\/v2\/posts\/860\/revisions\/862"}],"wp:attachment":[{"href":"https:\/\/www.iesneiravilas.es\/arquivo\/index.php?rest_route=%2Fwp%2Fv2%2Fmedia&parent=860"}],"wp:term":[{"taxonomy":"category","embeddable":true,"href":"https:\/\/www.iesneiravilas.es\/arquivo\/index.php?rest_route=%2Fwp%2Fv2%2Fcategories&post=860"},{"taxonomy":"post_tag","embeddable":true,"href":"https:\/\/www.iesneiravilas.es\/arquivo\/index.php?rest_route=%2Fwp%2Fv2%2Ftags&post=860"}],"curies":[{"name":"wp","href":"https:\/\/api.w.org\/{rel}","templated":true}]}}