{"id":863,"date":"2012-09-15T18:28:38","date_gmt":"2012-09-15T16:28:38","guid":{"rendered":"http:\/\/www.iesneiravilas.es\/arquivo\/?p=863"},"modified":"2014-10-06T18:29:34","modified_gmt":"2014-10-06T16:29:34","slug":"equipo-directivo-curso-2012-2013","status":"publish","type":"post","link":"https:\/\/www.iesneiravilas.es\/arquivo\/?p=863","title":{"rendered":"Equipo Directivo. Curso 2012-2013"},"content":{"rendered":"<h4>Director<\/h4>\n<p>Agust\u00edn Fern\u00e1ndez Gago<\/p>\n<h4>Vicedirector<\/h4>\n<p>Agust\u00edn Lorenzo L\u00f3pez<\/p>\n<h4>Xefe de estudios<\/h4>\n<p>M\u00aa del Pilar Morandeira Roel<\/p>\n<h4>Secretario<\/h4>\n<p>Jos\u00e9 L\u00f3pez Couce<\/p>\n","protected":false},"excerpt":{"rendered":"<p>Director Agust\u00edn Fern\u00e1ndez Gago Vicedirector Agust\u00edn Lorenzo L\u00f3pez Xefe de estudios M\u00aa del Pilar Morandeira Roel Secretario Jos\u00e9 L\u00f3pez Couce<\/p>\n","protected":false},"author":1,"featured_media":0,"comment_status":"closed","ping_status":"open","sticky":false,"template":"","format":"standard","meta":{"footnotes":""},"categories":[86,80],"tags":[],"class_list":["post-863","post","type-post","status-publish","format-standard","hentry","category-curso-2012-2013","category-equipo-directivo"],"_links":{"self":[{"href":"https:\/\/www.iesneiravilas.es\/arquivo\/index.php?rest_route=\/wp\/v2\/posts\/863","targetHints":{"allow":["GET"]}}],"collection":[{"href":"https:\/\/www.iesneiravilas.es\/arquivo\/index.php?rest_route=\/wp\/v2\/posts"}],"about":[{"href":"https:\/\/www.iesneiravilas.es\/arquivo\/index.php?rest_route=\/wp\/v2\/types\/post"}],"author":[{"embeddable":true,"href":"https:\/\/www.iesneiravilas.es\/arquivo\/index.php?rest_route=\/wp\/v2\/users\/1"}],"replies":[{"embeddable":true,"href":"https:\/\/www.iesneiravilas.es\/arquivo\/index.php?rest_route=%2Fwp%2Fv2%2Fcomments&post=863"}],"version-history":[{"count":1,"href":"https:\/\/www.iesneiravilas.es\/arquivo\/index.php?rest_route=\/wp\/v2\/posts\/863\/revisions"}],"predecessor-version":[{"id":864,"href":"https:\/\/www.iesneiravilas.es\/arquivo\/index.php?rest_route=\/wp\/v2\/posts\/863\/revisions\/864"}],"wp:attachment":[{"href":"https:\/\/www.iesneiravilas.es\/arquivo\/index.php?rest_route=%2Fwp%2Fv2%2Fmedia&parent=863"}],"wp:term":[{"taxonomy":"category","embeddable":true,"href":"https:\/\/www.iesneiravilas.es\/arquivo\/index.php?rest_route=%2Fwp%2Fv2%2Fcategories&post=863"},{"taxonomy":"post_tag","embeddable":true,"href":"https:\/\/www.iesneiravilas.es\/arquivo\/index.php?rest_route=%2Fwp%2Fv2%2Ftags&post=863"}],"curies":[{"name":"wp","href":"https:\/\/api.w.org\/{rel}","templated":true}]}}