{"id":865,"date":"2012-09-15T18:29:45","date_gmt":"2012-09-15T16:29:45","guid":{"rendered":"http:\/\/www.iesneiravilas.es\/arquivo\/?p=865"},"modified":"2014-10-06T18:36:24","modified_gmt":"2014-10-06T16:36:24","slug":"consello-escolar-curso-2012-2013","status":"publish","type":"post","link":"https:\/\/www.iesneiravilas.es\/arquivo\/?p=865","title":{"rendered":"Consello Escolar. Curso 2012-2013"},"content":{"rendered":"<h5>Presidente<\/h5>\n<ul>\n<li>Agust\u00edn Fern\u00e1ndez Gago<\/li>\n<\/ul>\n<h5>Secretario<\/h5>\n<ul>\n<li>Jos\u00e9 L\u00f3pez Couce<\/li>\n<\/ul>\n<h5>Xefe de Estudios<\/h5>\n<ul>\n<li>M\u00aa del Pilar Morandeira Roel<\/li>\n<\/ul>\n<h5>Representantes do profesorado<\/h5>\n<ul>\n<li>Isabel L\u00f3pez Mari\u00f1o<\/li>\n<li>Ricardo Puig de LLano<\/li>\n<li>Jos\u00e9 Antonio Rodr\u00edguez Amedo<\/li>\n<li>Elvira Sanz G\u00f3mez<\/li>\n<li>Antonio Varela Caama\u00f1o<\/li>\n<li>Carlos Vidal L\u00f3pez<\/li>\n<\/ul>\n<h5>Profesor coordinador da biblioteca [PLANBE]<\/h5>\n<ul>\n<li>Fernando Vidal Meij\u00f3n<\/li>\n<\/ul>\n<h5>Representante da ANPA<\/h5>\n<ul>\n<li>Francisco Peral Moldes<\/li>\n<li>Representantes dos Pais\/Nais<\/li>\n<li>M\u00aa Bel\u00e9n P\u00e9rez Sanmartin<\/li>\n<li>Modesto Ya\u00f1ez Garrote<\/li>\n<\/ul>\n<h5>Representantes do Alumnos<\/h5>\n<ul>\n<li>Mar\u00eda V\u00e1zquez Barral<\/li>\n<\/ul>\n<h5>Persoal do Persoal de Admon. e Servizos<\/h5>\n<ul>\n<li>M\u00aa Esther Ramos Esperante<\/li>\n<\/ul>\n<h5>Concello<\/h5>\n<ul>\n<li>M\u00aa Esther Isabel Garrido Pan<\/li>\n<\/ul>\n","protected":false},"excerpt":{"rendered":"<p>Presidente Agust\u00edn Fern\u00e1ndez Gago Secretario Jos\u00e9 L\u00f3pez Couce Xefe de Estudios M\u00aa del Pilar Morandeira Roel Representantes do profesorado Isabel L\u00f3pez Mari\u00f1o Ricardo Puig de LLano Jos\u00e9 Antonio Rodr\u00edguez Amedo Elvira Sanz G\u00f3mez Antonio Varela Caama\u00f1o Carlos Vidal L\u00f3pez Profesor coordinador da biblioteca [PLANBE] Fernando Vidal Meij\u00f3n Representante da ANPA Francisco Peral Moldes Representantes dos &hellip; <a href=\"https:\/\/www.iesneiravilas.es\/arquivo\/?p=865\" class=\"more-link\">Seguir lendo <span class=\"screen-reader-text\">Consello Escolar. Curso 2012-2013<\/span> <span class=\"meta-nav\">&rarr;<\/span><\/a><\/p>\n","protected":false},"author":1,"featured_media":0,"comment_status":"closed","ping_status":"open","sticky":false,"template":"","format":"standard","meta":{"footnotes":""},"categories":[81,86],"tags":[],"class_list":["post-865","post","type-post","status-publish","format-standard","hentry","category-consello-escolar","category-curso-2012-2013"],"_links":{"self":[{"href":"https:\/\/www.iesneiravilas.es\/arquivo\/index.php?rest_route=\/wp\/v2\/posts\/865","targetHints":{"allow":["GET"]}}],"collection":[{"href":"https:\/\/www.iesneiravilas.es\/arquivo\/index.php?rest_route=\/wp\/v2\/posts"}],"about":[{"href":"https:\/\/www.iesneiravilas.es\/arquivo\/index.php?rest_route=\/wp\/v2\/types\/post"}],"author":[{"embeddable":true,"href":"https:\/\/www.iesneiravilas.es\/arquivo\/index.php?rest_route=\/wp\/v2\/users\/1"}],"replies":[{"embeddable":true,"href":"https:\/\/www.iesneiravilas.es\/arquivo\/index.php?rest_route=%2Fwp%2Fv2%2Fcomments&post=865"}],"version-history":[{"count":1,"href":"https:\/\/www.iesneiravilas.es\/arquivo\/index.php?rest_route=\/wp\/v2\/posts\/865\/revisions"}],"predecessor-version":[{"id":866,"href":"https:\/\/www.iesneiravilas.es\/arquivo\/index.php?rest_route=\/wp\/v2\/posts\/865\/revisions\/866"}],"wp:attachment":[{"href":"https:\/\/www.iesneiravilas.es\/arquivo\/index.php?rest_route=%2Fwp%2Fv2%2Fmedia&parent=865"}],"wp:term":[{"taxonomy":"category","embeddable":true,"href":"https:\/\/www.iesneiravilas.es\/arquivo\/index.php?rest_route=%2Fwp%2Fv2%2Fcategories&post=865"},{"taxonomy":"post_tag","embeddable":true,"href":"https:\/\/www.iesneiravilas.es\/arquivo\/index.php?rest_route=%2Fwp%2Fv2%2Ftags&post=865"}],"curies":[{"name":"wp","href":"https:\/\/api.w.org\/{rel}","templated":true}]}}