{"id":869,"date":"2012-09-15T18:38:28","date_gmt":"2012-09-15T16:38:28","guid":{"rendered":"http:\/\/www.iesneiravilas.es\/arquivo\/?p=869"},"modified":"2014-10-06T18:39:30","modified_gmt":"2014-10-06T16:39:30","slug":"anpa-curso-2012-2013","status":"publish","type":"post","link":"https:\/\/www.iesneiravilas.es\/arquivo\/?p=869","title":{"rendered":"ANPA. Curso 2012-2013"},"content":{"rendered":"<h4>Presidenta:<\/h4>\n<ul>\n<li>Mar\u00eda Bel\u00e9n P\u00e9rez Sanmartin<\/li>\n<\/ul>\n<h4>Vicepresidenta:<\/h4>\n<ul>\n<li>Carolina Castro Cornide<\/li>\n<\/ul>\n<h4>Secretaria:<\/h4>\n<ul>\n<li>M\u00aa del Carmen Su\u00e1rez Rey<\/li>\n<\/ul>\n<h4>Tesorera :<\/h4>\n<ul>\n<li>Eva Carril S\u00faarez<\/li>\n<\/ul>\n<h4>Vogais:<\/h4>\n<ul>\n<li>Francisco Peral Moldes<\/li>\n<li>Guillermo Reis Soto<\/li>\n<li>Mar\u00eda del Mar Gerpe Reino<\/li>\n<li>Jose Manuel Gol\u00e1n Fraga<\/li>\n<li>Carmen Fern\u00e1ndez L\u00f3pez<\/li>\n<\/ul>\n","protected":false},"excerpt":{"rendered":"<p>Presidenta: Mar\u00eda Bel\u00e9n P\u00e9rez Sanmartin Vicepresidenta: Carolina Castro Cornide Secretaria: M\u00aa del Carmen Su\u00e1rez Rey Tesorera : Eva Carril S\u00faarez Vogais: Francisco Peral Moldes Guillermo Reis Soto Mar\u00eda del Mar Gerpe Reino Jose Manuel Gol\u00e1n Fraga Carmen Fern\u00e1ndez L\u00f3pez<\/p>\n","protected":false},"author":1,"featured_media":0,"comment_status":"closed","ping_status":"open","sticky":false,"template":"","format":"standard","meta":{"footnotes":""},"categories":[84,131],"tags":[],"class_list":["post-869","post","type-post","status-publish","format-standard","hentry","category-anpa","category-curso-2011-2012"],"_links":{"self":[{"href":"https:\/\/www.iesneiravilas.es\/arquivo\/index.php?rest_route=\/wp\/v2\/posts\/869","targetHints":{"allow":["GET"]}}],"collection":[{"href":"https:\/\/www.iesneiravilas.es\/arquivo\/index.php?rest_route=\/wp\/v2\/posts"}],"about":[{"href":"https:\/\/www.iesneiravilas.es\/arquivo\/index.php?rest_route=\/wp\/v2\/types\/post"}],"author":[{"embeddable":true,"href":"https:\/\/www.iesneiravilas.es\/arquivo\/index.php?rest_route=\/wp\/v2\/users\/1"}],"replies":[{"embeddable":true,"href":"https:\/\/www.iesneiravilas.es\/arquivo\/index.php?rest_route=%2Fwp%2Fv2%2Fcomments&post=869"}],"version-history":[{"count":2,"href":"https:\/\/www.iesneiravilas.es\/arquivo\/index.php?rest_route=\/wp\/v2\/posts\/869\/revisions"}],"predecessor-version":[{"id":871,"href":"https:\/\/www.iesneiravilas.es\/arquivo\/index.php?rest_route=\/wp\/v2\/posts\/869\/revisions\/871"}],"wp:attachment":[{"href":"https:\/\/www.iesneiravilas.es\/arquivo\/index.php?rest_route=%2Fwp%2Fv2%2Fmedia&parent=869"}],"wp:term":[{"taxonomy":"category","embeddable":true,"href":"https:\/\/www.iesneiravilas.es\/arquivo\/index.php?rest_route=%2Fwp%2Fv2%2Fcategories&post=869"},{"taxonomy":"post_tag","embeddable":true,"href":"https:\/\/www.iesneiravilas.es\/arquivo\/index.php?rest_route=%2Fwp%2Fv2%2Ftags&post=869"}],"curies":[{"name":"wp","href":"https:\/\/api.w.org\/{rel}","templated":true}]}}