{"id":912,"date":"2010-09-15T12:12:40","date_gmt":"2010-09-15T10:12:40","guid":{"rendered":"http:\/\/www.iesneiravilas.es\/arquivo\/?p=912"},"modified":"2014-10-07T12:14:08","modified_gmt":"2014-10-07T10:14:08","slug":"persoal-non-docente-curso-2010-2011","status":"publish","type":"post","link":"https:\/\/www.iesneiravilas.es\/arquivo\/?p=912","title":{"rendered":"Persoal non Docente. Curso 2010-2011"},"content":{"rendered":"<p><b>Administrativa<\/b><\/p>\n<ul>\n<li>M. Isabel Mejuto Sampayo<\/li>\n<\/ul>\n<p><b>Conserxes<\/b><\/p>\n<ul>\n<li>Mar\u00eda Esther Ramos Esperante<\/li>\n<li>Mar\u00eda Rey Andrade<\/li>\n<\/ul>\n<p><b>Persoal de Limpeza<\/b><\/p>\n<ul>\n<li>Pilar Dom\u00ednguez Gonz\u00e1lez<\/li>\n<li>Mar\u00eda Eugenia Cernadas Gonz\u00e1lez<\/li>\n<li>Mar\u00eda del Carmen Naya M\u00edguez<\/li>\n<\/ul>\n<p>&nbsp;<\/p>\n","protected":false},"excerpt":{"rendered":"<p>Administrativa M. Isabel Mejuto Sampayo Conserxes Mar\u00eda Esther Ramos Esperante Mar\u00eda Rey Andrade Persoal de Limpeza Pilar Dom\u00ednguez Gonz\u00e1lez Mar\u00eda Eugenia Cernadas Gonz\u00e1lez Mar\u00eda del Carmen Naya M\u00edguez &nbsp;<\/p>\n","protected":false},"author":1,"featured_media":0,"comment_status":"closed","ping_status":"open","sticky":false,"template":"","format":"standard","meta":{"footnotes":""},"categories":[132,83],"tags":[],"class_list":["post-912","post","type-post","status-publish","format-standard","hentry","category-curso-2010-2011","category-persoal-non-docente"],"_links":{"self":[{"href":"https:\/\/www.iesneiravilas.es\/arquivo\/index.php?rest_route=\/wp\/v2\/posts\/912","targetHints":{"allow":["GET"]}}],"collection":[{"href":"https:\/\/www.iesneiravilas.es\/arquivo\/index.php?rest_route=\/wp\/v2\/posts"}],"about":[{"href":"https:\/\/www.iesneiravilas.es\/arquivo\/index.php?rest_route=\/wp\/v2\/types\/post"}],"author":[{"embeddable":true,"href":"https:\/\/www.iesneiravilas.es\/arquivo\/index.php?rest_route=\/wp\/v2\/users\/1"}],"replies":[{"embeddable":true,"href":"https:\/\/www.iesneiravilas.es\/arquivo\/index.php?rest_route=%2Fwp%2Fv2%2Fcomments&post=912"}],"version-history":[{"count":1,"href":"https:\/\/www.iesneiravilas.es\/arquivo\/index.php?rest_route=\/wp\/v2\/posts\/912\/revisions"}],"predecessor-version":[{"id":913,"href":"https:\/\/www.iesneiravilas.es\/arquivo\/index.php?rest_route=\/wp\/v2\/posts\/912\/revisions\/913"}],"wp:attachment":[{"href":"https:\/\/www.iesneiravilas.es\/arquivo\/index.php?rest_route=%2Fwp%2Fv2%2Fmedia&parent=912"}],"wp:term":[{"taxonomy":"category","embeddable":true,"href":"https:\/\/www.iesneiravilas.es\/arquivo\/index.php?rest_route=%2Fwp%2Fv2%2Fcategories&post=912"},{"taxonomy":"post_tag","embeddable":true,"href":"https:\/\/www.iesneiravilas.es\/arquivo\/index.php?rest_route=%2Fwp%2Fv2%2Ftags&post=912"}],"curies":[{"name":"wp","href":"https:\/\/api.w.org\/{rel}","templated":true}]}}