{"id":954,"date":"2008-09-15T17:26:28","date_gmt":"2008-09-15T15:26:28","guid":{"rendered":"http:\/\/www.iesneiravilas.es\/arquivo\/?p=954"},"modified":"2014-10-10T17:27:44","modified_gmt":"2014-10-10T15:27:44","slug":"equipo-directivo-curso-2008-2009","status":"publish","type":"post","link":"https:\/\/www.iesneiravilas.es\/arquivo\/?p=954","title":{"rendered":"Equipo Directivo. Curso 2008-2009"},"content":{"rendered":"<h4>Director<\/h4>\n<p>Jos\u00e9 L\u00f3pez Couce<\/p>\n<h4>Vicedirectora<\/h4>\n<p>Mar\u00eda Antonia Montes Fern\u00e1ndez<\/p>\n<h4>Xefe de estudios<\/h4>\n<p>Xos\u00e9 Ant\u00f3n Garc\u00eda Gonz\u00e1lez<\/p>\n<h4>Secretaria<\/h4>\n<p>Ana Isabel Oulego Prado<\/p>\n","protected":false},"excerpt":{"rendered":"<p>Director Jos\u00e9 L\u00f3pez Couce Vicedirectora Mar\u00eda Antonia Montes Fern\u00e1ndez Xefe de estudios Xos\u00e9 Ant\u00f3n Garc\u00eda Gonz\u00e1lez Secretaria Ana Isabel Oulego Prado<\/p>\n","protected":false},"author":1,"featured_media":0,"comment_status":"closed","ping_status":"open","sticky":false,"template":"","format":"standard","meta":{"footnotes":""},"categories":[134,80],"tags":[],"class_list":["post-954","post","type-post","status-publish","format-standard","hentry","category-curso-2008-2009","category-equipo-directivo"],"_links":{"self":[{"href":"https:\/\/www.iesneiravilas.es\/arquivo\/index.php?rest_route=\/wp\/v2\/posts\/954","targetHints":{"allow":["GET"]}}],"collection":[{"href":"https:\/\/www.iesneiravilas.es\/arquivo\/index.php?rest_route=\/wp\/v2\/posts"}],"about":[{"href":"https:\/\/www.iesneiravilas.es\/arquivo\/index.php?rest_route=\/wp\/v2\/types\/post"}],"author":[{"embeddable":true,"href":"https:\/\/www.iesneiravilas.es\/arquivo\/index.php?rest_route=\/wp\/v2\/users\/1"}],"replies":[{"embeddable":true,"href":"https:\/\/www.iesneiravilas.es\/arquivo\/index.php?rest_route=%2Fwp%2Fv2%2Fcomments&post=954"}],"version-history":[{"count":1,"href":"https:\/\/www.iesneiravilas.es\/arquivo\/index.php?rest_route=\/wp\/v2\/posts\/954\/revisions"}],"predecessor-version":[{"id":955,"href":"https:\/\/www.iesneiravilas.es\/arquivo\/index.php?rest_route=\/wp\/v2\/posts\/954\/revisions\/955"}],"wp:attachment":[{"href":"https:\/\/www.iesneiravilas.es\/arquivo\/index.php?rest_route=%2Fwp%2Fv2%2Fmedia&parent=954"}],"wp:term":[{"taxonomy":"category","embeddable":true,"href":"https:\/\/www.iesneiravilas.es\/arquivo\/index.php?rest_route=%2Fwp%2Fv2%2Fcategories&post=954"},{"taxonomy":"post_tag","embeddable":true,"href":"https:\/\/www.iesneiravilas.es\/arquivo\/index.php?rest_route=%2Fwp%2Fv2%2Ftags&post=954"}],"curies":[{"name":"wp","href":"https:\/\/api.w.org\/{rel}","templated":true}]}}