{"id":979,"date":"2009-06-01T20:14:18","date_gmt":"2009-06-01T18:14:18","guid":{"rendered":"http:\/\/www.iesneiravilas.es\/arquivo\/?p=979"},"modified":"2014-10-10T20:30:14","modified_gmt":"2014-10-10T18:30:14","slug":"graduacion-2o-bach-curso-2008-2009","status":"publish","type":"post","link":"https:\/\/www.iesneiravilas.es\/arquivo\/?p=979","title":{"rendered":"Graduaci\u00f3n 2\u00ba BACH. Curso 2008-2009"},"content":{"rendered":"<figure id=\"attachment_981\" aria-describedby=\"caption-attachment-981\" style=\"width: 300px\" class=\"wp-caption alignleft\"><a href=\"http:\/\/www.iesneiravilas.es\/arquivo\/wp-content\/uploads\/2014\/10\/orla_2008_91.jpg\"><img loading=\"lazy\" decoding=\"async\" class=\"size-medium wp-image-981\" src=\"http:\/\/www.iesneiravilas.es\/arquivo\/wp-content\/uploads\/2014\/10\/orla_2008_91-300x211.jpg\" alt=\"Promoci\u00f3n 2008-2009\" width=\"300\" height=\"211\" srcset=\"https:\/\/www.iesneiravilas.es\/arquivo\/wp-content\/uploads\/2014\/10\/orla_2008_91-300x211.jpg 300w, https:\/\/www.iesneiravilas.es\/arquivo\/wp-content\/uploads\/2014\/10\/orla_2008_91.jpg 948w\" sizes=\"auto, (max-width: 300px) 100vw, 300px\" \/><\/a><figcaption id=\"caption-attachment-981\" class=\"wp-caption-text\">Promoci\u00f3n 2008-2009<\/figcaption><\/figure>\n<p>O d\u00eda vintedous de Maio celebrouse no noso Instituto o acto de graduaci\u00f3n de segundo de Bacharelato. Con gran afluencia de p\u00fablico, e rigurosa etiqueta, alumnado, profesorado, familias e amigos asistiron \u00f3 concerto dos alumnos de m\u00fasica de primerio e segundo de Bacharelato que interpretaron pezas cl\u00e1sicas e modernas.<\/p>\n<p>A continuaci\u00f3n as palabras do alumno de segundo curso Santiago Conde Arias, de Isabel Romero Barciela mai de Manuel Pereiro Romero, e de Xoan Ignacio Taibo Arias en nome do profesorado. Pechou o acto o director do centro Jos\u00e9 L\u00f3pez Couce.<\/p>\n<p>Unha presentaci\u00f3n sobre o alumnado de segundo de bacharelato e a entrega de diplomas foi o remate do acto. Posteriormente como xa \u00e9 tradicional procedeuse \u00e1 plantaci\u00f3n da \u00e1rbore e ao aperitivo preparado no propio centro. A continuaci\u00f3n a cea de alumnos e profesores e a festa que sabemos foi moi animada.<\/p>\n<h4>Programa do Concerto<\/h4>\n<p><strong>Alumnos de 1\u00ba de Bacharelato.<\/strong><\/p>\n<ol>\n<li><em>Canci\u00f3n india <\/em>: Rimsky-Korsakov<\/li>\n<li><em>Obertura da \u00f3pera &#8220;As vodas de F\u00edgaro&#8221;<\/em>: W.A. Mozart<\/li>\n<\/ol>\n<p><strong>Alumnos de 2\u00ba de Bacharelato<\/strong><\/p>\n<ol>\n<li><em>Habanera<\/em>: M. Girao<\/li>\n<li><em>Marcha dos granadeiros<\/em>: R. Schuman<\/li>\n<li><em>Gaudeamus igitur<\/em>: Popular<\/li>\n<li><em>Devil&#8217;s dream<\/em>: Popular irlandesa<\/li>\n<li><em>Ragtime<\/em>: S. Jopplin<\/li>\n<\/ol>\n<p>Pode baixar unha <a href=\"http:\/\/www.iesneiravilas.es\/arquivo\/wp-content\/uploads\/2014\/10\/graduacion.zip\"> selecci\u00f3n de fotos<\/a> do acto.<\/p>\n<div id='gallery-1' class='gallery galleryid-979 gallery-columns-3 gallery-size-thumbnail'><figure class='gallery-item'>\n\t\t\t<div class='gallery-icon portrait'>\n\t\t\t\t<a href='https:\/\/www.iesneiravilas.es\/arquivo\/?attachment_id=982'><img loading=\"lazy\" decoding=\"async\" width=\"150\" height=\"150\" src=\"https:\/\/www.iesneiravilas.es\/arquivo\/wp-content\/uploads\/2014\/10\/graduacion21-150x150.jpg\" class=\"attachment-thumbnail size-thumbnail\" alt=\"alumnado de 2\u00ba de bacharelato\" aria-describedby=\"gallery-1-982\" \/><\/a>\n\t\t\t<\/div>\n\t\t\t\t<figcaption class='wp-caption-text gallery-caption' id='gallery-1-982'>\n\t\t\t\talumnado de 2\u00ba de bacharelato\n\t\t\t\t<\/figcaption><\/figure><figure class='gallery-item'>\n\t\t\t<div class='gallery-icon landscape'>\n\t\t\t\t<a href='https:\/\/www.iesneiravilas.es\/arquivo\/?attachment_id=983'><img loading=\"lazy\" decoding=\"async\" width=\"150\" height=\"150\" src=\"https:\/\/www.iesneiravilas.es\/arquivo\/wp-content\/uploads\/2014\/10\/grad2-150x150.jpg\" class=\"attachment-thumbnail size-thumbnail\" alt=\"Os presentadores: Manuel Pereiro e Saray Rodr\u00edguez\" aria-describedby=\"gallery-1-983\" \/><\/a>\n\t\t\t<\/div>\n\t\t\t\t<figcaption class='wp-caption-text gallery-caption' id='gallery-1-983'>\n\t\t\t\tOs presentadores: Manuel Pereiro e Saray Rodr\u00edguez\n\t\t\t\t<\/figcaption><\/figure><figure class='gallery-item'>\n\t\t\t<div class='gallery-icon landscape'>\n\t\t\t\t<a href='https:\/\/www.iesneiravilas.es\/arquivo\/?attachment_id=984'><img loading=\"lazy\" decoding=\"async\" width=\"150\" height=\"150\" src=\"https:\/\/www.iesneiravilas.es\/arquivo\/wp-content\/uploads\/2014\/10\/grad9-150x150.jpg\" class=\"attachment-thumbnail size-thumbnail\" alt=\"Actuaci\u00f3n de 1\u00ba de bacharelato\" aria-describedby=\"gallery-1-984\" \/><\/a>\n\t\t\t<\/div>\n\t\t\t\t<figcaption class='wp-caption-text gallery-caption' id='gallery-1-984'>\n\t\t\t\tActuaci\u00f3n de 1\u00ba de bacharelato\n\t\t\t\t<\/figcaption><\/figure><figure class='gallery-item'>\n\t\t\t<div class='gallery-icon landscape'>\n\t\t\t\t<a href='https:\/\/www.iesneiravilas.es\/arquivo\/?attachment_id=985'><img loading=\"lazy\" decoding=\"async\" width=\"150\" height=\"150\" src=\"https:\/\/www.iesneiravilas.es\/arquivo\/wp-content\/uploads\/2014\/10\/grad6-150x150.jpg\" class=\"attachment-thumbnail size-thumbnail\" alt=\"Actuaci\u00f3n de 2\u00ba de bacharelato\" aria-describedby=\"gallery-1-985\" \/><\/a>\n\t\t\t<\/div>\n\t\t\t\t<figcaption class='wp-caption-text gallery-caption' id='gallery-1-985'>\n\t\t\t\tActuaci\u00f3n de 2\u00ba de bacharelato\n\t\t\t\t<\/figcaption><\/figure><figure class='gallery-item'>\n\t\t\t<div class='gallery-icon portrait'>\n\t\t\t\t<a href='https:\/\/www.iesneiravilas.es\/arquivo\/?attachment_id=986'><img loading=\"lazy\" decoding=\"async\" width=\"150\" height=\"150\" src=\"https:\/\/www.iesneiravilas.es\/arquivo\/wp-content\/uploads\/2014\/10\/grad4-150x150.jpg\" class=\"attachment-thumbnail size-thumbnail\" alt=\"Isabel Romero Barciela\" aria-describedby=\"gallery-1-986\" \/><\/a>\n\t\t\t<\/div>\n\t\t\t\t<figcaption class='wp-caption-text gallery-caption' id='gallery-1-986'>\n\t\t\t\tIsabel Romero Barciela\n\t\t\t\t<\/figcaption><\/figure><figure class='gallery-item'>\n\t\t\t<div class='gallery-icon landscape'>\n\t\t\t\t<a href='https:\/\/www.iesneiravilas.es\/arquivo\/?attachment_id=987'><img loading=\"lazy\" decoding=\"async\" width=\"150\" height=\"150\" src=\"https:\/\/www.iesneiravilas.es\/arquivo\/wp-content\/uploads\/2014\/10\/grad5-150x150.jpg\" class=\"attachment-thumbnail size-thumbnail\" alt=\"Xoan Ignacio Taibo Arias\" aria-describedby=\"gallery-1-987\" \/><\/a>\n\t\t\t<\/div>\n\t\t\t\t<figcaption class='wp-caption-text gallery-caption' id='gallery-1-987'>\n\t\t\t\tXoan Ignacio Taibo Arias\n\t\t\t\t<\/figcaption><\/figure><figure class='gallery-item'>\n\t\t\t<div class='gallery-icon portrait'>\n\t\t\t\t<a href='https:\/\/www.iesneiravilas.es\/arquivo\/?attachment_id=988'><img loading=\"lazy\" decoding=\"async\" width=\"150\" height=\"150\" src=\"https:\/\/www.iesneiravilas.es\/arquivo\/wp-content\/uploads\/2014\/10\/grad3-150x150.jpg\" class=\"attachment-thumbnail size-thumbnail\" alt=\"Santiago Conde Arias\" aria-describedby=\"gallery-1-988\" srcset=\"https:\/\/www.iesneiravilas.es\/arquivo\/wp-content\/uploads\/2014\/10\/grad3-150x150.jpg 150w, https:\/\/www.iesneiravilas.es\/arquivo\/wp-content\/uploads\/2014\/10\/grad3-577x576.jpg 577w\" sizes=\"auto, (max-width: 150px) 100vw, 150px\" \/><\/a>\n\t\t\t<\/div>\n\t\t\t\t<figcaption class='wp-caption-text gallery-caption' id='gallery-1-988'>\n\t\t\t\tSantiago Conde Arias\n\t\t\t\t<\/figcaption><\/figure><figure class='gallery-item'>\n\t\t\t<div class='gallery-icon landscape'>\n\t\t\t\t<a href='https:\/\/www.iesneiravilas.es\/arquivo\/?attachment_id=989'><img loading=\"lazy\" decoding=\"async\" width=\"150\" height=\"150\" src=\"https:\/\/www.iesneiravilas.es\/arquivo\/wp-content\/uploads\/2014\/10\/grad7-150x150.jpg\" class=\"attachment-thumbnail size-thumbnail\" alt=\"Xos\u00e9 L\u00f3pez Couce\" aria-describedby=\"gallery-1-989\" \/><\/a>\n\t\t\t<\/div>\n\t\t\t\t<figcaption class='wp-caption-text gallery-caption' id='gallery-1-989'>\n\t\t\t\tXos\u00e9 L\u00f3pez Couce\n\t\t\t\t<\/figcaption><\/figure><figure class='gallery-item'>\n\t\t\t<div class='gallery-icon landscape'>\n\t\t\t\t<a href='https:\/\/www.iesneiravilas.es\/arquivo\/?attachment_id=990'><img loading=\"lazy\" decoding=\"async\" width=\"150\" height=\"150\" src=\"https:\/\/www.iesneiravilas.es\/arquivo\/wp-content\/uploads\/2014\/10\/grad8-150x150.jpg\" class=\"attachment-thumbnail size-thumbnail\" alt=\"Entrega de diplomas\" aria-describedby=\"gallery-1-990\" \/><\/a>\n\t\t\t<\/div>\n\t\t\t\t<figcaption class='wp-caption-text gallery-caption' id='gallery-1-990'>\n\t\t\t\tEntrega de diplomas\n\t\t\t\t<\/figcaption><\/figure><figure class='gallery-item'>\n\t\t\t<div class='gallery-icon landscape'>\n\t\t\t\t<a href='https:\/\/www.iesneiravilas.es\/arquivo\/?attachment_id=991'><img loading=\"lazy\" decoding=\"async\" width=\"150\" height=\"150\" src=\"https:\/\/www.iesneiravilas.es\/arquivo\/wp-content\/uploads\/2014\/10\/grad1-150x150.jpg\" class=\"attachment-thumbnail size-thumbnail\" alt=\"Profesorado, alumnado e familias\" aria-describedby=\"gallery-1-991\" \/><\/a>\n\t\t\t<\/div>\n\t\t\t\t<figcaption class='wp-caption-text gallery-caption' id='gallery-1-991'>\n\t\t\t\tProfesorado, alumnado e familias\n\t\t\t\t<\/figcaption><\/figure>\n\t\t<\/div>\n\n","protected":false},"excerpt":{"rendered":"<p>O d\u00eda vintedous de Maio celebrouse no noso Instituto o acto de graduaci\u00f3n de segundo de Bacharelato. Con gran afluencia de p\u00fablico, e rigurosa etiqueta, alumnado, profesorado, familias e amigos asistiron \u00f3 concerto dos alumnos de m\u00fasica de primerio e segundo de Bacharelato que interpretaron pezas cl\u00e1sicas e modernas. A continuaci\u00f3n as palabras do alumno &hellip; <a href=\"https:\/\/www.iesneiravilas.es\/arquivo\/?p=979\" class=\"more-link\">Seguir lendo <span class=\"screen-reader-text\">Graduaci\u00f3n 2\u00ba BACH. Curso 2008-2009<\/span> <span class=\"meta-nav\">&rarr;<\/span><\/a><\/p>\n","protected":false},"author":1,"featured_media":0,"comment_status":"closed","ping_status":"open","sticky":false,"template":"","format":"standard","meta":{"footnotes":""},"categories":[17,142,134,144],"tags":[],"class_list":["post-979","post","type-post","status-publish","format-standard","hentry","category-actividades","category-curso","category-curso-2008-2009","category-graduacion"],"_links":{"self":[{"href":"https:\/\/www.iesneiravilas.es\/arquivo\/index.php?rest_route=\/wp\/v2\/posts\/979","targetHints":{"allow":["GET"]}}],"collection":[{"href":"https:\/\/www.iesneiravilas.es\/arquivo\/index.php?rest_route=\/wp\/v2\/posts"}],"about":[{"href":"https:\/\/www.iesneiravilas.es\/arquivo\/index.php?rest_route=\/wp\/v2\/types\/post"}],"author":[{"embeddable":true,"href":"https:\/\/www.iesneiravilas.es\/arquivo\/index.php?rest_route=\/wp\/v2\/users\/1"}],"replies":[{"embeddable":true,"href":"https:\/\/www.iesneiravilas.es\/arquivo\/index.php?rest_route=%2Fwp%2Fv2%2Fcomments&post=979"}],"version-history":[{"count":1,"href":"https:\/\/www.iesneiravilas.es\/arquivo\/index.php?rest_route=\/wp\/v2\/posts\/979\/revisions"}],"predecessor-version":[{"id":993,"href":"https:\/\/www.iesneiravilas.es\/arquivo\/index.php?rest_route=\/wp\/v2\/posts\/979\/revisions\/993"}],"wp:attachment":[{"href":"https:\/\/www.iesneiravilas.es\/arquivo\/index.php?rest_route=%2Fwp%2Fv2%2Fmedia&parent=979"}],"wp:term":[{"taxonomy":"category","embeddable":true,"href":"https:\/\/www.iesneiravilas.es\/arquivo\/index.php?rest_route=%2Fwp%2Fv2%2Fcategories&post=979"},{"taxonomy":"post_tag","embeddable":true,"href":"https:\/\/www.iesneiravilas.es\/arquivo\/index.php?rest_route=%2Fwp%2Fv2%2Ftags&post=979"}],"curies":[{"name":"wp","href":"https:\/\/api.w.org\/{rel}","templated":true}]}}