{"id":601,"count":1,"description":"","link":"https:\/\/www.iesneiravilas.es\/arquivo\/?tag=maria-belen-perez-sanmartin","name":"Mar\u00eda Bel\u00e9n P\u00e9rez Sanmartin","slug":"maria-belen-perez-sanmartin","taxonomy":"post_tag","meta":[],"_links":{"self":[{"href":"https:\/\/www.iesneiravilas.es\/arquivo\/index.php?rest_route=\/wp\/v2\/tags\/601","targetHints":{"allow":["GET"]}}],"collection":[{"href":"https:\/\/www.iesneiravilas.es\/arquivo\/index.php?rest_route=\/wp\/v2\/tags"}],"about":[{"href":"https:\/\/www.iesneiravilas.es\/arquivo\/index.php?rest_route=\/wp\/v2\/taxonomies\/post_tag"}],"wp:post_type":[{"href":"https:\/\/www.iesneiravilas.es\/arquivo\/index.php?rest_route=%2Fwp%2Fv2%2Fposts&tags=601"}],"curies":[{"name":"wp","href":"https:\/\/api.w.org\/{rel}","templated":true}]}}